{"id":1028,"date":"2025-08-29T11:10:19","date_gmt":"2025-08-29T14:10:19","guid":{"rendered":"http:\/\/radiotaisso.com.br\/play\/?p=1028"},"modified":"2025-08-29T11:13:52","modified_gmt":"2025-08-29T14:13:52","slug":"radio-taisso-na-capa-do-jornal-noticias-da-aclimacaocambuci","status":"publish","type":"post","link":"https:\/\/radiotaisso.com.br\/play\/index.php\/2025\/08\/29\/radio-taisso-na-capa-do-jornal-noticias-da-aclimacaocambuci\/","title":{"rendered":"R\u00e1dio Taiss\u00f4 na capa do jornal Not\u00edcias da Aclima\u00e7\u00e3o&amp;Cambuci"},"content":{"rendered":"\n<p>R\u00e1dio Taiss\u00f4 comemora 40 anos e se torna patrom\u00f4nio da Aclima\u00e7\u00e3o.<br>No dia 02 de setembro de 1985, uma imigrante japonesa presenteou os frequentadores do Parque da Aclima\u00e7\u00e3o com uma pr\u00e1tica que havia sendo difundida no seu pa\u00eds de origem e que estava mostrando resultados muito promissores na melhora da qualidade de vida da popula\u00e7\u00e3o \u2013 A gin\u00e1stica r\u00edtmica R\u00e1dio Taiss\u00f4.<br><\/p>\n\n\n\n<p><a href=\"http:\/\/radiotaisso.com.br\/play\/wp-content\/uploads\/2025\/08\/Jornal_Aclimacao-Cambuci.pdf\" target=\"_blank\" rel=\"noreferrer noopener\"><strong>Acesse aqui a Edi\u00e7\u00e3o do Jorn<\/strong><\/a><strong><a href=\"http:\/\/radiotaisso.com.br\/play\/wp-content\/uploads\/2025\/08\/Jornal_Aclimacao-Cambuci.pdf\" target=\"_blank\" rel=\"noreferrer noopener\">al<\/a><\/strong><br><br><br><\/p>\n\n\n\n<figure class=\"wp-block-gallery has-nested-images columns-default is-cropped wp-block-gallery-1 is-layout-flex wp-block-gallery-is-layout-flex\">\n<figure data-wp-context=\"{&quot;imageId&quot;:&quot;69f1ad45e6a9f&quot;}\" data-wp-interactive=\"core\/image\" data-wp-key=\"69f1ad45e6a9f\" class=\"wp-block-image size-large wp-lightbox-container\"><img fetchpriority=\"high\" decoding=\"async\" width=\"760\" height=\"1024\" data-wp-class--hide=\"state.isContentHidden\" data-wp-class--show=\"state.isContentVisible\" data-wp-init=\"callbacks.setButtonStyles\" data-wp-on--click=\"actions.showLightbox\" data-wp-on--load=\"callbacks.setButtonStyles\" data-wp-on-window--resize=\"callbacks.setButtonStyles\" data-id=\"1031\" src=\"http:\/\/radiotaisso.com.br\/play\/wp-content\/uploads\/2025\/08\/Jornal_Aclimacao-Cambuci-2-760x1024.jpg\" alt=\"\" class=\"wp-image-1031\" srcset=\"https:\/\/radiotaisso.com.br\/play\/wp-content\/uploads\/2025\/08\/Jornal_Aclimacao-Cambuci-2-760x1024.jpg 760w, https:\/\/radiotaisso.com.br\/play\/wp-content\/uploads\/2025\/08\/Jornal_Aclimacao-Cambuci-2-223x300.jpg 223w, https:\/\/radiotaisso.com.br\/play\/wp-content\/uploads\/2025\/08\/Jornal_Aclimacao-Cambuci-2-768x1035.jpg 768w, https:\/\/radiotaisso.com.br\/play\/wp-content\/uploads\/2025\/08\/Jornal_Aclimacao-Cambuci-2-1140x1536.jpg 1140w, https:\/\/radiotaisso.com.br\/play\/wp-content\/uploads\/2025\/08\/Jornal_Aclimacao-Cambuci-2.jpg 1484w\" sizes=\"(max-width: 760px) 100vw, 760px\" \/><button\n\t\t\tclass=\"lightbox-trigger\"\n\t\t\ttype=\"button\"\n\t\t\taria-haspopup=\"dialog\"\n\t\t\taria-label=\"Enlarge\"\n\t\t\tdata-wp-init=\"callbacks.initTriggerButton\"\n\t\t\tdata-wp-on--click=\"actions.showLightbox\"\n\t\t\tdata-wp-style--right=\"state.imageButtonRight\"\n\t\t\tdata-wp-style--top=\"state.imageButtonTop\"\n\t\t>\n\t\t\t<svg xmlns=\"http:\/\/www.w3.org\/2000\/svg\" width=\"12\" height=\"12\" fill=\"none\" viewBox=\"0 0 12 12\">\n\t\t\t\t<path fill=\"#fff\" d=\"M2 0a2 2 0 0 0-2 2v2h1.5V2a.5.5 0 0 1 .5-.5h2V0H2Zm2 10.5H2a.5.5 0 0 1-.5-.5V8H0v2a2 2 0 0 0 2 2h2v-1.5ZM8 12v-1.5h2a.5.5 0 0 0 .5-.5V8H12v2a2 2 0 0 1-2 2H8Zm2-12a2 2 0 0 1 2 2v2h-1.5V2a.5.5 0 0 0-.5-.5H8V0h2Z\" \/>\n\t\t\t<\/svg>\n\t\t<\/button><\/figure>\n\n\n\n<figure data-wp-context=\"{&quot;imageId&quot;:&quot;69f1ad45e7518&quot;}\" data-wp-interactive=\"core\/image\" data-wp-key=\"69f1ad45e7518\" class=\"wp-block-image size-large wp-lightbox-container\"><img decoding=\"async\" width=\"724\" height=\"1024\" data-wp-class--hide=\"state.isContentHidden\" data-wp-class--show=\"state.isContentVisible\" data-wp-init=\"callbacks.setButtonStyles\" data-wp-on--click=\"actions.showLightbox\" data-wp-on--load=\"callbacks.setButtonStyles\" data-wp-on-window--resize=\"callbacks.setButtonStyles\" data-id=\"1032\" src=\"http:\/\/radiotaisso.com.br\/play\/wp-content\/uploads\/2025\/08\/Jornal_Aclimacao-Cambuci-3-724x1024.jpg\" alt=\"\" class=\"wp-image-1032\" srcset=\"https:\/\/radiotaisso.com.br\/play\/wp-content\/uploads\/2025\/08\/Jornal_Aclimacao-Cambuci-3-724x1024.jpg 724w, https:\/\/radiotaisso.com.br\/play\/wp-content\/uploads\/2025\/08\/Jornal_Aclimacao-Cambuci-3-212x300.jpg 212w, https:\/\/radiotaisso.com.br\/play\/wp-content\/uploads\/2025\/08\/Jornal_Aclimacao-Cambuci-3-768x1087.jpg 768w, https:\/\/radiotaisso.com.br\/play\/wp-content\/uploads\/2025\/08\/Jornal_Aclimacao-Cambuci-3-1085x1536.jpg 1085w, https:\/\/radiotaisso.com.br\/play\/wp-content\/uploads\/2025\/08\/Jornal_Aclimacao-Cambuci-3-1447x2048.jpg 1447w, https:\/\/radiotaisso.com.br\/play\/wp-content\/uploads\/2025\/08\/Jornal_Aclimacao-Cambuci-3-1140x1613.jpg 1140w, https:\/\/radiotaisso.com.br\/play\/wp-content\/uploads\/2025\/08\/Jornal_Aclimacao-Cambuci-3.jpg 1484w\" sizes=\"(max-width: 724px) 100vw, 724px\" \/><button\n\t\t\tclass=\"lightbox-trigger\"\n\t\t\ttype=\"button\"\n\t\t\taria-haspopup=\"dialog\"\n\t\t\taria-label=\"Enlarge\"\n\t\t\tdata-wp-init=\"callbacks.initTriggerButton\"\n\t\t\tdata-wp-on--click=\"actions.showLightbox\"\n\t\t\tdata-wp-style--right=\"state.imageButtonRight\"\n\t\t\tdata-wp-style--top=\"state.imageButtonTop\"\n\t\t>\n\t\t\t<svg xmlns=\"http:\/\/www.w3.org\/2000\/svg\" width=\"12\" height=\"12\" fill=\"none\" viewBox=\"0 0 12 12\">\n\t\t\t\t<path fill=\"#fff\" d=\"M2 0a2 2 0 0 0-2 2v2h1.5V2a.5.5 0 0 1 .5-.5h2V0H2Zm2 10.5H2a.5.5 0 0 1-.5-.5V8H0v2a2 2 0 0 0 2 2h2v-1.5ZM8 12v-1.5h2a.5.5 0 0 0 .5-.5V8H12v2a2 2 0 0 1-2 2H8Zm2-12a2 2 0 0 1 2 2v2h-1.5V2a.5.5 0 0 0-.5-.5H8V0h2Z\" \/>\n\t\t\t<\/svg>\n\t\t<\/button><\/figure>\n<\/figure>\n","protected":false},"excerpt":{"rendered":"<p>R\u00e1dio Taiss\u00f4 comemora 40 anos e se torna patrom\u00f4nio da Aclima\u00e7\u00e3o.No dia 02 de setembro de 1985, uma imigrante japonesa presenteou os frequentadores do Parque da Aclima\u00e7\u00e3o com uma pr\u00e1tica que havia sendo difundida no seu pa\u00eds de origem e que estava mostrando resultados muito promissores na melhora da qualidade de vida da popula\u00e7\u00e3o \u2013 A gin\u00e1stica r\u00edtmica R\u00e1dio Taiss\u00f4. Acesse aqui a Edi\u00e7\u00e3o do Jornal<\/p>\n","protected":false},"author":1,"featured_media":1030,"comment_status":"open","ping_status":"open","sticky":false,"template":"","format":"standard","meta":{"footnotes":""},"categories":[1],"tags":[306,190,307,304],"class_list":["post-1028","post","type-post","status-publish","format-standard","has-post-thumbnail","hentry","category-noticias","tag-40-anos","tag-jornal","tag-materia","tag-noticias-da-aclimacaocambuci"],"yoast_head":"<!-- This site is optimized with the Yoast SEO plugin v27.1.1 - https:\/\/yoast.com\/product\/yoast-seo-wordpress\/ -->\n<title>R\u00e1dio Taiss\u00f4 na capa do jornal Not\u00edcias da Aclima\u00e7\u00e3o&amp;Cambuci - Federa\u00e7\u00e3o de R\u00e1dio Taiss\u00f4 do Brasil<\/title>\n<meta name=\"robots\" content=\"index, follow, max-snippet:-1, max-image-preview:large, max-video-preview:-1\" \/>\n<link rel=\"canonical\" href=\"https:\/\/radiotaisso.com.br\/play\/index.php\/2025\/08\/29\/radio-taisso-na-capa-do-jornal-noticias-da-aclimacaocambuci\/\" \/>\n<meta property=\"og:locale\" content=\"en_US\" \/>\n<meta property=\"og:type\" content=\"article\" \/>\n<meta property=\"og:title\" content=\"R\u00e1dio Taiss\u00f4 na capa do jornal Not\u00edcias da Aclima\u00e7\u00e3o&amp;Cambuci - Federa\u00e7\u00e3o de R\u00e1dio Taiss\u00f4 do Brasil\" \/>\n<meta property=\"og:description\" content=\"R\u00e1dio Taiss\u00f4 comemora 40 anos e se torna patrom\u00f4nio da Aclima\u00e7\u00e3o.No dia 02 de setembro de 1985, uma imigrante japonesa presenteou os frequentadores do Parque da Aclima\u00e7\u00e3o com uma pr\u00e1tica que havia sendo difundida no seu pa\u00eds de origem e que estava mostrando resultados muito promissores na melhora da qualidade de vida da popula\u00e7\u00e3o \u2013 A gin\u00e1stica r\u00edtmica R\u00e1dio Taiss\u00f4. Acesse aqui a Edi\u00e7\u00e3o do Jornal\" \/>\n<meta property=\"og:url\" content=\"https:\/\/radiotaisso.com.br\/play\/index.php\/2025\/08\/29\/radio-taisso-na-capa-do-jornal-noticias-da-aclimacaocambuci\/\" \/>\n<meta property=\"og:site_name\" content=\"Federa\u00e7\u00e3o de R\u00e1dio Taiss\u00f4 do Brasil\" \/>\n<meta property=\"article:publisher\" content=\"https:\/\/www.facebook.com\/RadioTaissodoBrasil\" \/>\n<meta property=\"article:published_time\" content=\"2025-08-29T14:10:19+00:00\" \/>\n<meta property=\"article:modified_time\" content=\"2025-08-29T14:13:52+00:00\" \/>\n<meta property=\"og:image\" content=\"https:\/\/radiotaisso.com.br\/play\/wp-content\/uploads\/2025\/08\/Jornal_Aclimacao-Cambuci-1.jpg\" \/>\n\t<meta property=\"og:image:width\" content=\"1849\" \/>\n\t<meta property=\"og:image:height\" content=\"1200\" \/>\n\t<meta property=\"og:image:type\" content=\"image\/jpeg\" \/>\n<meta name=\"author\" content=\"Direto da Reda\u00e7\u00e3o\" \/>\n<meta name=\"twitter:card\" content=\"summary_large_image\" \/>\n<meta name=\"twitter:label1\" content=\"Written by\" \/>\n\t<meta name=\"twitter:data1\" content=\"Direto da Reda\u00e7\u00e3o\" \/>\n\t<meta name=\"twitter:label2\" content=\"Est. reading time\" \/>\n\t<meta name=\"twitter:data2\" content=\"1 minute\" \/>\n<script type=\"application\/ld+json\" class=\"yoast-schema-graph\">{\"@context\":\"https:\/\/schema.org\",\"@graph\":[{\"@type\":\"Article\",\"@id\":\"https:\/\/radiotaisso.com.br\/play\/index.php\/2025\/08\/29\/radio-taisso-na-capa-do-jornal-noticias-da-aclimacaocambuci\/#article\",\"isPartOf\":{\"@id\":\"https:\/\/radiotaisso.com.br\/play\/index.php\/2025\/08\/29\/radio-taisso-na-capa-do-jornal-noticias-da-aclimacaocambuci\/\"},\"author\":{\"name\":\"Direto da Reda\u00e7\u00e3o\",\"@id\":\"https:\/\/radiotaisso.com.br\/play\/#\/schema\/person\/bc7a568875ab6d6fd6456d59ccda3e12\"},\"headline\":\"R\u00e1dio Taiss\u00f4 na capa do jornal Not\u00edcias da Aclima\u00e7\u00e3o&amp;Cambuci\",\"datePublished\":\"2025-08-29T14:10:19+00:00\",\"dateModified\":\"2025-08-29T14:13:52+00:00\",\"mainEntityOfPage\":{\"@id\":\"https:\/\/radiotaisso.com.br\/play\/index.php\/2025\/08\/29\/radio-taisso-na-capa-do-jornal-noticias-da-aclimacaocambuci\/\"},\"wordCount\":89,\"commentCount\":0,\"publisher\":{\"@id\":\"https:\/\/radiotaisso.com.br\/play\/#organization\"},\"image\":{\"@id\":\"https:\/\/radiotaisso.com.br\/play\/index.php\/2025\/08\/29\/radio-taisso-na-capa-do-jornal-noticias-da-aclimacaocambuci\/#primaryimage\"},\"thumbnailUrl\":\"https:\/\/radiotaisso.com.br\/play\/wp-content\/uploads\/2025\/08\/Jornal_Aclimacao-Cambuci-1.jpg\",\"keywords\":[\"40 Anos\",\"Jornal\",\"Mat\u00e9ria\",\"Not\u00edcias da Aclima\u00e7\u00e3o&amp;Cambuci\"],\"articleSection\":[\"Not\u00edcias\"],\"inLanguage\":\"en-US\",\"potentialAction\":[{\"@type\":\"CommentAction\",\"name\":\"Comment\",\"target\":[\"https:\/\/radiotaisso.com.br\/play\/index.php\/2025\/08\/29\/radio-taisso-na-capa-do-jornal-noticias-da-aclimacaocambuci\/#respond\"]}]},{\"@type\":\"WebPage\",\"@id\":\"https:\/\/radiotaisso.com.br\/play\/index.php\/2025\/08\/29\/radio-taisso-na-capa-do-jornal-noticias-da-aclimacaocambuci\/\",\"url\":\"https:\/\/radiotaisso.com.br\/play\/index.php\/2025\/08\/29\/radio-taisso-na-capa-do-jornal-noticias-da-aclimacaocambuci\/\",\"name\":\"R\u00e1dio Taiss\u00f4 na capa do jornal Not\u00edcias da Aclima\u00e7\u00e3o&amp;Cambuci - Federa\u00e7\u00e3o de R\u00e1dio Taiss\u00f4 do Brasil\",\"isPartOf\":{\"@id\":\"https:\/\/radiotaisso.com.br\/play\/#website\"},\"primaryImageOfPage\":{\"@id\":\"https:\/\/radiotaisso.com.br\/play\/index.php\/2025\/08\/29\/radio-taisso-na-capa-do-jornal-noticias-da-aclimacaocambuci\/#primaryimage\"},\"image\":{\"@id\":\"https:\/\/radiotaisso.com.br\/play\/index.php\/2025\/08\/29\/radio-taisso-na-capa-do-jornal-noticias-da-aclimacaocambuci\/#primaryimage\"},\"thumbnailUrl\":\"https:\/\/radiotaisso.com.br\/play\/wp-content\/uploads\/2025\/08\/Jornal_Aclimacao-Cambuci-1.jpg\",\"datePublished\":\"2025-08-29T14:10:19+00:00\",\"dateModified\":\"2025-08-29T14:13:52+00:00\",\"breadcrumb\":{\"@id\":\"https:\/\/radiotaisso.com.br\/play\/index.php\/2025\/08\/29\/radio-taisso-na-capa-do-jornal-noticias-da-aclimacaocambuci\/#breadcrumb\"},\"inLanguage\":\"en-US\",\"potentialAction\":[{\"@type\":\"ReadAction\",\"target\":[\"https:\/\/radiotaisso.com.br\/play\/index.php\/2025\/08\/29\/radio-taisso-na-capa-do-jornal-noticias-da-aclimacaocambuci\/\"]}]},{\"@type\":\"ImageObject\",\"inLanguage\":\"en-US\",\"@id\":\"https:\/\/radiotaisso.com.br\/play\/index.php\/2025\/08\/29\/radio-taisso-na-capa-do-jornal-noticias-da-aclimacaocambuci\/#primaryimage\",\"url\":\"https:\/\/radiotaisso.com.br\/play\/wp-content\/uploads\/2025\/08\/Jornal_Aclimacao-Cambuci-1.jpg\",\"contentUrl\":\"https:\/\/radiotaisso.com.br\/play\/wp-content\/uploads\/2025\/08\/Jornal_Aclimacao-Cambuci-1.jpg\",\"width\":1849,\"height\":1200},{\"@type\":\"BreadcrumbList\",\"@id\":\"https:\/\/radiotaisso.com.br\/play\/index.php\/2025\/08\/29\/radio-taisso-na-capa-do-jornal-noticias-da-aclimacaocambuci\/#breadcrumb\",\"itemListElement\":[{\"@type\":\"ListItem\",\"position\":1,\"name\":\"In\u00edcio\",\"item\":\"https:\/\/radiotaisso.com.br\/play\/\"},{\"@type\":\"ListItem\",\"position\":2,\"name\":\"R\u00e1dio Taiss\u00f4 na capa do jornal Not\u00edcias da Aclima\u00e7\u00e3o&amp;Cambuci\"}]},{\"@type\":\"WebSite\",\"@id\":\"https:\/\/radiotaisso.com.br\/play\/#website\",\"url\":\"https:\/\/radiotaisso.com.br\/play\/\",\"name\":\"Federa\u00e7\u00e3o de R\u00e1dio Taiss\u00f4 do Brasil\",\"description\":\"Federa\u00e7\u00e3o de R\u00e1dio Taiss\u00f4 do Brasil \",\"publisher\":{\"@id\":\"https:\/\/radiotaisso.com.br\/play\/#organization\"},\"potentialAction\":[{\"@type\":\"SearchAction\",\"target\":{\"@type\":\"EntryPoint\",\"urlTemplate\":\"https:\/\/radiotaisso.com.br\/play\/?s={search_term_string}\"},\"query-input\":{\"@type\":\"PropertyValueSpecification\",\"valueRequired\":true,\"valueName\":\"search_term_string\"}}],\"inLanguage\":\"en-US\"},{\"@type\":\"Organization\",\"@id\":\"https:\/\/radiotaisso.com.br\/play\/#organization\",\"name\":\"FERTBRA\",\"url\":\"https:\/\/radiotaisso.com.br\/play\/\",\"logo\":{\"@type\":\"ImageObject\",\"inLanguage\":\"en-US\",\"@id\":\"https:\/\/radiotaisso.com.br\/play\/#\/schema\/logo\/image\/\",\"url\":\"https:\/\/radiotaisso.com.br\/play\/wp-content\/uploads\/2025\/01\/logo_taisso2.png\",\"contentUrl\":\"https:\/\/radiotaisso.com.br\/play\/wp-content\/uploads\/2025\/01\/logo_taisso2.png\",\"width\":483,\"height\":397,\"caption\":\"FERTBRA\"},\"image\":{\"@id\":\"https:\/\/radiotaisso.com.br\/play\/#\/schema\/logo\/image\/\"},\"sameAs\":[\"https:\/\/www.facebook.com\/RadioTaissodoBrasil\",\"https:\/\/www.instagram.com\/federacaoderadiotaissodobrasil\",\"https:\/\/www.youtube.com\/@FederacaoRadioTaissodoBrasil\"]},{\"@type\":\"Person\",\"@id\":\"https:\/\/radiotaisso.com.br\/play\/#\/schema\/person\/bc7a568875ab6d6fd6456d59ccda3e12\",\"name\":\"Direto da Reda\u00e7\u00e3o\",\"image\":{\"@type\":\"ImageObject\",\"inLanguage\":\"en-US\",\"@id\":\"https:\/\/radiotaisso.com.br\/play\/#\/schema\/person\/image\/\",\"url\":\"https:\/\/secure.gravatar.com\/avatar\/c61db01ab541ef3ceacbd00f9d7ac7bc7201d6a9ab06f49b03dc9f4b3e201303?s=96&d=mm&r=g\",\"contentUrl\":\"https:\/\/secure.gravatar.com\/avatar\/c61db01ab541ef3ceacbd00f9d7ac7bc7201d6a9ab06f49b03dc9f4b3e201303?s=96&d=mm&r=g\",\"caption\":\"Direto da Reda\u00e7\u00e3o\"},\"sameAs\":[\"http:\/\/radiotaisso.com.br\/play\"],\"url\":\"https:\/\/radiotaisso.com.br\/play\/index.php\/author\/digiacomoprodutoragmail-com\/\"}]}<\/script>\n<!-- \/ Yoast SEO plugin. -->","yoast_head_json":{"title":"R\u00e1dio Taiss\u00f4 na capa do jornal Not\u00edcias da Aclima\u00e7\u00e3o&amp;Cambuci - Federa\u00e7\u00e3o de R\u00e1dio Taiss\u00f4 do Brasil","robots":{"index":"index","follow":"follow","max-snippet":"max-snippet:-1","max-image-preview":"max-image-preview:large","max-video-preview":"max-video-preview:-1"},"canonical":"https:\/\/radiotaisso.com.br\/play\/index.php\/2025\/08\/29\/radio-taisso-na-capa-do-jornal-noticias-da-aclimacaocambuci\/","og_locale":"en_US","og_type":"article","og_title":"R\u00e1dio Taiss\u00f4 na capa do jornal Not\u00edcias da Aclima\u00e7\u00e3o&amp;Cambuci - Federa\u00e7\u00e3o de R\u00e1dio Taiss\u00f4 do Brasil","og_description":"R\u00e1dio Taiss\u00f4 comemora 40 anos e se torna patrom\u00f4nio da Aclima\u00e7\u00e3o.No dia 02 de setembro de 1985, uma imigrante japonesa presenteou os frequentadores do Parque da Aclima\u00e7\u00e3o com uma pr\u00e1tica que havia sendo difundida no seu pa\u00eds de origem e que estava mostrando resultados muito promissores na melhora da qualidade de vida da popula\u00e7\u00e3o \u2013 A gin\u00e1stica r\u00edtmica R\u00e1dio Taiss\u00f4. Acesse aqui a Edi\u00e7\u00e3o do Jornal","og_url":"https:\/\/radiotaisso.com.br\/play\/index.php\/2025\/08\/29\/radio-taisso-na-capa-do-jornal-noticias-da-aclimacaocambuci\/","og_site_name":"Federa\u00e7\u00e3o de R\u00e1dio Taiss\u00f4 do Brasil","article_publisher":"https:\/\/www.facebook.com\/RadioTaissodoBrasil","article_published_time":"2025-08-29T14:10:19+00:00","article_modified_time":"2025-08-29T14:13:52+00:00","og_image":[{"width":1849,"height":1200,"url":"https:\/\/radiotaisso.com.br\/play\/wp-content\/uploads\/2025\/08\/Jornal_Aclimacao-Cambuci-1.jpg","type":"image\/jpeg"}],"author":"Direto da Reda\u00e7\u00e3o","twitter_card":"summary_large_image","twitter_misc":{"Written by":"Direto da Reda\u00e7\u00e3o","Est. reading time":"1 minute"},"schema":{"@context":"https:\/\/schema.org","@graph":[{"@type":"Article","@id":"https:\/\/radiotaisso.com.br\/play\/index.php\/2025\/08\/29\/radio-taisso-na-capa-do-jornal-noticias-da-aclimacaocambuci\/#article","isPartOf":{"@id":"https:\/\/radiotaisso.com.br\/play\/index.php\/2025\/08\/29\/radio-taisso-na-capa-do-jornal-noticias-da-aclimacaocambuci\/"},"author":{"name":"Direto da Reda\u00e7\u00e3o","@id":"https:\/\/radiotaisso.com.br\/play\/#\/schema\/person\/bc7a568875ab6d6fd6456d59ccda3e12"},"headline":"R\u00e1dio Taiss\u00f4 na capa do jornal Not\u00edcias da Aclima\u00e7\u00e3o&amp;Cambuci","datePublished":"2025-08-29T14:10:19+00:00","dateModified":"2025-08-29T14:13:52+00:00","mainEntityOfPage":{"@id":"https:\/\/radiotaisso.com.br\/play\/index.php\/2025\/08\/29\/radio-taisso-na-capa-do-jornal-noticias-da-aclimacaocambuci\/"},"wordCount":89,"commentCount":0,"publisher":{"@id":"https:\/\/radiotaisso.com.br\/play\/#organization"},"image":{"@id":"https:\/\/radiotaisso.com.br\/play\/index.php\/2025\/08\/29\/radio-taisso-na-capa-do-jornal-noticias-da-aclimacaocambuci\/#primaryimage"},"thumbnailUrl":"https:\/\/radiotaisso.com.br\/play\/wp-content\/uploads\/2025\/08\/Jornal_Aclimacao-Cambuci-1.jpg","keywords":["40 Anos","Jornal","Mat\u00e9ria","Not\u00edcias da Aclima\u00e7\u00e3o&amp;Cambuci"],"articleSection":["Not\u00edcias"],"inLanguage":"en-US","potentialAction":[{"@type":"CommentAction","name":"Comment","target":["https:\/\/radiotaisso.com.br\/play\/index.php\/2025\/08\/29\/radio-taisso-na-capa-do-jornal-noticias-da-aclimacaocambuci\/#respond"]}]},{"@type":"WebPage","@id":"https:\/\/radiotaisso.com.br\/play\/index.php\/2025\/08\/29\/radio-taisso-na-capa-do-jornal-noticias-da-aclimacaocambuci\/","url":"https:\/\/radiotaisso.com.br\/play\/index.php\/2025\/08\/29\/radio-taisso-na-capa-do-jornal-noticias-da-aclimacaocambuci\/","name":"R\u00e1dio Taiss\u00f4 na capa do jornal Not\u00edcias da Aclima\u00e7\u00e3o&amp;Cambuci - Federa\u00e7\u00e3o de R\u00e1dio Taiss\u00f4 do Brasil","isPartOf":{"@id":"https:\/\/radiotaisso.com.br\/play\/#website"},"primaryImageOfPage":{"@id":"https:\/\/radiotaisso.com.br\/play\/index.php\/2025\/08\/29\/radio-taisso-na-capa-do-jornal-noticias-da-aclimacaocambuci\/#primaryimage"},"image":{"@id":"https:\/\/radiotaisso.com.br\/play\/index.php\/2025\/08\/29\/radio-taisso-na-capa-do-jornal-noticias-da-aclimacaocambuci\/#primaryimage"},"thumbnailUrl":"https:\/\/radiotaisso.com.br\/play\/wp-content\/uploads\/2025\/08\/Jornal_Aclimacao-Cambuci-1.jpg","datePublished":"2025-08-29T14:10:19+00:00","dateModified":"2025-08-29T14:13:52+00:00","breadcrumb":{"@id":"https:\/\/radiotaisso.com.br\/play\/index.php\/2025\/08\/29\/radio-taisso-na-capa-do-jornal-noticias-da-aclimacaocambuci\/#breadcrumb"},"inLanguage":"en-US","potentialAction":[{"@type":"ReadAction","target":["https:\/\/radiotaisso.com.br\/play\/index.php\/2025\/08\/29\/radio-taisso-na-capa-do-jornal-noticias-da-aclimacaocambuci\/"]}]},{"@type":"ImageObject","inLanguage":"en-US","@id":"https:\/\/radiotaisso.com.br\/play\/index.php\/2025\/08\/29\/radio-taisso-na-capa-do-jornal-noticias-da-aclimacaocambuci\/#primaryimage","url":"https:\/\/radiotaisso.com.br\/play\/wp-content\/uploads\/2025\/08\/Jornal_Aclimacao-Cambuci-1.jpg","contentUrl":"https:\/\/radiotaisso.com.br\/play\/wp-content\/uploads\/2025\/08\/Jornal_Aclimacao-Cambuci-1.jpg","width":1849,"height":1200},{"@type":"BreadcrumbList","@id":"https:\/\/radiotaisso.com.br\/play\/index.php\/2025\/08\/29\/radio-taisso-na-capa-do-jornal-noticias-da-aclimacaocambuci\/#breadcrumb","itemListElement":[{"@type":"ListItem","position":1,"name":"In\u00edcio","item":"https:\/\/radiotaisso.com.br\/play\/"},{"@type":"ListItem","position":2,"name":"R\u00e1dio Taiss\u00f4 na capa do jornal Not\u00edcias da Aclima\u00e7\u00e3o&amp;Cambuci"}]},{"@type":"WebSite","@id":"https:\/\/radiotaisso.com.br\/play\/#website","url":"https:\/\/radiotaisso.com.br\/play\/","name":"Federa\u00e7\u00e3o de R\u00e1dio Taiss\u00f4 do Brasil","description":"Federa\u00e7\u00e3o de R\u00e1dio Taiss\u00f4 do Brasil ","publisher":{"@id":"https:\/\/radiotaisso.com.br\/play\/#organization"},"potentialAction":[{"@type":"SearchAction","target":{"@type":"EntryPoint","urlTemplate":"https:\/\/radiotaisso.com.br\/play\/?s={search_term_string}"},"query-input":{"@type":"PropertyValueSpecification","valueRequired":true,"valueName":"search_term_string"}}],"inLanguage":"en-US"},{"@type":"Organization","@id":"https:\/\/radiotaisso.com.br\/play\/#organization","name":"FERTBRA","url":"https:\/\/radiotaisso.com.br\/play\/","logo":{"@type":"ImageObject","inLanguage":"en-US","@id":"https:\/\/radiotaisso.com.br\/play\/#\/schema\/logo\/image\/","url":"https:\/\/radiotaisso.com.br\/play\/wp-content\/uploads\/2025\/01\/logo_taisso2.png","contentUrl":"https:\/\/radiotaisso.com.br\/play\/wp-content\/uploads\/2025\/01\/logo_taisso2.png","width":483,"height":397,"caption":"FERTBRA"},"image":{"@id":"https:\/\/radiotaisso.com.br\/play\/#\/schema\/logo\/image\/"},"sameAs":["https:\/\/www.facebook.com\/RadioTaissodoBrasil","https:\/\/www.instagram.com\/federacaoderadiotaissodobrasil","https:\/\/www.youtube.com\/@FederacaoRadioTaissodoBrasil"]},{"@type":"Person","@id":"https:\/\/radiotaisso.com.br\/play\/#\/schema\/person\/bc7a568875ab6d6fd6456d59ccda3e12","name":"Direto da Reda\u00e7\u00e3o","image":{"@type":"ImageObject","inLanguage":"en-US","@id":"https:\/\/radiotaisso.com.br\/play\/#\/schema\/person\/image\/","url":"https:\/\/secure.gravatar.com\/avatar\/c61db01ab541ef3ceacbd00f9d7ac7bc7201d6a9ab06f49b03dc9f4b3e201303?s=96&d=mm&r=g","contentUrl":"https:\/\/secure.gravatar.com\/avatar\/c61db01ab541ef3ceacbd00f9d7ac7bc7201d6a9ab06f49b03dc9f4b3e201303?s=96&d=mm&r=g","caption":"Direto da Reda\u00e7\u00e3o"},"sameAs":["http:\/\/radiotaisso.com.br\/play"],"url":"https:\/\/radiotaisso.com.br\/play\/index.php\/author\/digiacomoprodutoragmail-com\/"}]}},"_links":{"self":[{"href":"https:\/\/radiotaisso.com.br\/play\/index.php\/wp-json\/wp\/v2\/posts\/1028","targetHints":{"allow":["GET"]}}],"collection":[{"href":"https:\/\/radiotaisso.com.br\/play\/index.php\/wp-json\/wp\/v2\/posts"}],"about":[{"href":"https:\/\/radiotaisso.com.br\/play\/index.php\/wp-json\/wp\/v2\/types\/post"}],"author":[{"embeddable":true,"href":"https:\/\/radiotaisso.com.br\/play\/index.php\/wp-json\/wp\/v2\/users\/1"}],"replies":[{"embeddable":true,"href":"https:\/\/radiotaisso.com.br\/play\/index.php\/wp-json\/wp\/v2\/comments?post=1028"}],"version-history":[{"count":4,"href":"https:\/\/radiotaisso.com.br\/play\/index.php\/wp-json\/wp\/v2\/posts\/1028\/revisions"}],"predecessor-version":[{"id":1036,"href":"https:\/\/radiotaisso.com.br\/play\/index.php\/wp-json\/wp\/v2\/posts\/1028\/revisions\/1036"}],"wp:featuredmedia":[{"embeddable":true,"href":"https:\/\/radiotaisso.com.br\/play\/index.php\/wp-json\/wp\/v2\/media\/1030"}],"wp:attachment":[{"href":"https:\/\/radiotaisso.com.br\/play\/index.php\/wp-json\/wp\/v2\/media?parent=1028"}],"wp:term":[{"taxonomy":"category","embeddable":true,"href":"https:\/\/radiotaisso.com.br\/play\/index.php\/wp-json\/wp\/v2\/categories?post=1028"},{"taxonomy":"post_tag","embeddable":true,"href":"https:\/\/radiotaisso.com.br\/play\/index.php\/wp-json\/wp\/v2\/tags?post=1028"}],"curies":[{"name":"wp","href":"https:\/\/api.w.org\/{rel}","templated":true}]}}