{"id":1061,"date":"2026-02-23T18:52:58","date_gmt":"2026-02-23T21:52:58","guid":{"rendered":"https:\/\/radiotaisso.com.br\/play\/?p=1061"},"modified":"2026-02-23T18:56:07","modified_gmt":"2026-02-23T21:56:07","slug":"42a-assembleia-geral-ordinaria-da-federacao-de-radio-taisso-do-brasil","status":"publish","type":"post","link":"https:\/\/radiotaisso.com.br\/play\/index.php\/2026\/02\/23\/42a-assembleia-geral-ordinaria-da-federacao-de-radio-taisso-do-brasil\/","title":{"rendered":"42\u00aa Assembl\u00e9ia Geral Ordin\u00e1ria da Federa\u00e7\u00e3o de R\u00e1dio Taiss\u00f4 do Brasil"},"content":{"rendered":"\n<p>Ocorrida no dia 22 de fevereiro de 2026, na sede da ACAL ( Associa\u00e7\u00e3o Cultural e Assistencial da Liberdade), quando aconteceu tamb\u00e9m a entrega dos certificados para os novos instrutores 2025.<br><br><\/p>\n\n\n\n<figure class=\"wp-block-gallery has-nested-images columns-default is-cropped wp-block-gallery-1 is-layout-flex wp-block-gallery-is-layout-flex\">\n<figure data-wp-context=\"{&quot;imageId&quot;:&quot;69f182b4230ff&quot;}\" data-wp-interactive=\"core\/image\" data-wp-key=\"69f182b4230ff\" class=\"wp-block-image size-large wp-lightbox-container\"><img fetchpriority=\"high\" decoding=\"async\" width=\"1024\" height=\"576\" data-wp-class--hide=\"state.isContentHidden\" data-wp-class--show=\"state.isContentVisible\" data-wp-init=\"callbacks.setButtonStyles\" data-wp-on--click=\"actions.showLightbox\" data-wp-on--load=\"callbacks.setButtonStyles\" data-wp-on-window--resize=\"callbacks.setButtonStyles\" data-id=\"1069\" src=\"http:\/\/radiotaisso.com.br\/play\/wp-content\/uploads\/2026\/02\/639687140_1217518830561536_5081273886376265526_n-1-1024x576.jpg\" alt=\"\" class=\"wp-image-1069\" srcset=\"https:\/\/radiotaisso.com.br\/play\/wp-content\/uploads\/2026\/02\/639687140_1217518830561536_5081273886376265526_n-1-1024x576.jpg 1024w, https:\/\/radiotaisso.com.br\/play\/wp-content\/uploads\/2026\/02\/639687140_1217518830561536_5081273886376265526_n-1-300x169.jpg 300w, https:\/\/radiotaisso.com.br\/play\/wp-content\/uploads\/2026\/02\/639687140_1217518830561536_5081273886376265526_n-1-768x432.jpg 768w, https:\/\/radiotaisso.com.br\/play\/wp-content\/uploads\/2026\/02\/639687140_1217518830561536_5081273886376265526_n-1-1536x864.jpg 1536w, https:\/\/radiotaisso.com.br\/play\/wp-content\/uploads\/2026\/02\/639687140_1217518830561536_5081273886376265526_n-1-1140x641.jpg 1140w, https:\/\/radiotaisso.com.br\/play\/wp-content\/uploads\/2026\/02\/639687140_1217518830561536_5081273886376265526_n-1.jpg 2048w\" sizes=\"(max-width: 1024px) 100vw, 1024px\" \/><button\n\t\t\tclass=\"lightbox-trigger\"\n\t\t\ttype=\"button\"\n\t\t\taria-haspopup=\"dialog\"\n\t\t\taria-label=\"Enlarge\"\n\t\t\tdata-wp-init=\"callbacks.initTriggerButton\"\n\t\t\tdata-wp-on--click=\"actions.showLightbox\"\n\t\t\tdata-wp-style--right=\"state.imageButtonRight\"\n\t\t\tdata-wp-style--top=\"state.imageButtonTop\"\n\t\t>\n\t\t\t<svg xmlns=\"http:\/\/www.w3.org\/2000\/svg\" width=\"12\" height=\"12\" fill=\"none\" viewBox=\"0 0 12 12\">\n\t\t\t\t<path fill=\"#fff\" d=\"M2 0a2 2 0 0 0-2 2v2h1.5V2a.5.5 0 0 1 .5-.5h2V0H2Zm2 10.5H2a.5.5 0 0 1-.5-.5V8H0v2a2 2 0 0 0 2 2h2v-1.5ZM8 12v-1.5h2a.5.5 0 0 0 .5-.5V8H12v2a2 2 0 0 1-2 2H8Zm2-12a2 2 0 0 1 2 2v2h-1.5V2a.5.5 0 0 0-.5-.5H8V0h2Z\" \/>\n\t\t\t<\/svg>\n\t\t<\/button><\/figure>\n\n\n\n<figure data-wp-context=\"{&quot;imageId&quot;:&quot;69f182b4238bd&quot;}\" data-wp-interactive=\"core\/image\" data-wp-key=\"69f182b4238bd\" class=\"wp-block-image size-large wp-lightbox-container\"><img decoding=\"async\" width=\"1024\" height=\"576\" data-wp-class--hide=\"state.isContentHidden\" data-wp-class--show=\"state.isContentVisible\" data-wp-init=\"callbacks.setButtonStyles\" data-wp-on--click=\"actions.showLightbox\" data-wp-on--load=\"callbacks.setButtonStyles\" data-wp-on-window--resize=\"callbacks.setButtonStyles\" data-id=\"1064\" src=\"https:\/\/radiotaisso.com.br\/play\/wp-content\/uploads\/2026\/02\/642190429_1217518883894864_3576815988204129587_n-1024x576.jpg\" alt=\"\" class=\"wp-image-1064\" srcset=\"https:\/\/radiotaisso.com.br\/play\/wp-content\/uploads\/2026\/02\/642190429_1217518883894864_3576815988204129587_n-1024x576.jpg 1024w, https:\/\/radiotaisso.com.br\/play\/wp-content\/uploads\/2026\/02\/642190429_1217518883894864_3576815988204129587_n-300x169.jpg 300w, https:\/\/radiotaisso.com.br\/play\/wp-content\/uploads\/2026\/02\/642190429_1217518883894864_3576815988204129587_n-768x432.jpg 768w, https:\/\/radiotaisso.com.br\/play\/wp-content\/uploads\/2026\/02\/642190429_1217518883894864_3576815988204129587_n-1536x864.jpg 1536w, https:\/\/radiotaisso.com.br\/play\/wp-content\/uploads\/2026\/02\/642190429_1217518883894864_3576815988204129587_n-1140x641.jpg 1140w, https:\/\/radiotaisso.com.br\/play\/wp-content\/uploads\/2026\/02\/642190429_1217518883894864_3576815988204129587_n.jpg 2048w\" sizes=\"(max-width: 1024px) 100vw, 1024px\" \/><button\n\t\t\tclass=\"lightbox-trigger\"\n\t\t\ttype=\"button\"\n\t\t\taria-haspopup=\"dialog\"\n\t\t\taria-label=\"Enlarge\"\n\t\t\tdata-wp-init=\"callbacks.initTriggerButton\"\n\t\t\tdata-wp-on--click=\"actions.showLightbox\"\n\t\t\tdata-wp-style--right=\"state.imageButtonRight\"\n\t\t\tdata-wp-style--top=\"state.imageButtonTop\"\n\t\t>\n\t\t\t<svg xmlns=\"http:\/\/www.w3.org\/2000\/svg\" width=\"12\" height=\"12\" fill=\"none\" viewBox=\"0 0 12 12\">\n\t\t\t\t<path fill=\"#fff\" d=\"M2 0a2 2 0 0 0-2 2v2h1.5V2a.5.5 0 0 1 .5-.5h2V0H2Zm2 10.5H2a.5.5 0 0 1-.5-.5V8H0v2a2 2 0 0 0 2 2h2v-1.5ZM8 12v-1.5h2a.5.5 0 0 0 .5-.5V8H12v2a2 2 0 0 1-2 2H8Zm2-12a2 2 0 0 1 2 2v2h-1.5V2a.5.5 0 0 0-.5-.5H8V0h2Z\" \/>\n\t\t\t<\/svg>\n\t\t<\/button><\/figure>\n\n\n\n<figure data-wp-context=\"{&quot;imageId&quot;:&quot;69f182b423f03&quot;}\" data-wp-interactive=\"core\/image\" data-wp-key=\"69f182b423f03\" class=\"wp-block-image size-large wp-lightbox-container\"><img decoding=\"async\" width=\"1024\" height=\"576\" data-wp-class--hide=\"state.isContentHidden\" data-wp-class--show=\"state.isContentVisible\" data-wp-init=\"callbacks.setButtonStyles\" data-wp-on--click=\"actions.showLightbox\" data-wp-on--load=\"callbacks.setButtonStyles\" data-wp-on-window--resize=\"callbacks.setButtonStyles\" data-id=\"1063\" src=\"https:\/\/radiotaisso.com.br\/play\/wp-content\/uploads\/2026\/02\/641547723_1217518943894858_2229958793710616370_n-1024x576.jpg\" alt=\"\" class=\"wp-image-1063\" srcset=\"https:\/\/radiotaisso.com.br\/play\/wp-content\/uploads\/2026\/02\/641547723_1217518943894858_2229958793710616370_n-1024x576.jpg 1024w, https:\/\/radiotaisso.com.br\/play\/wp-content\/uploads\/2026\/02\/641547723_1217518943894858_2229958793710616370_n-300x169.jpg 300w, https:\/\/radiotaisso.com.br\/play\/wp-content\/uploads\/2026\/02\/641547723_1217518943894858_2229958793710616370_n-768x432.jpg 768w, https:\/\/radiotaisso.com.br\/play\/wp-content\/uploads\/2026\/02\/641547723_1217518943894858_2229958793710616370_n-1536x864.jpg 1536w, https:\/\/radiotaisso.com.br\/play\/wp-content\/uploads\/2026\/02\/641547723_1217518943894858_2229958793710616370_n-1140x641.jpg 1140w, https:\/\/radiotaisso.com.br\/play\/wp-content\/uploads\/2026\/02\/641547723_1217518943894858_2229958793710616370_n.jpg 2048w\" sizes=\"(max-width: 1024px) 100vw, 1024px\" \/><button\n\t\t\tclass=\"lightbox-trigger\"\n\t\t\ttype=\"button\"\n\t\t\taria-haspopup=\"dialog\"\n\t\t\taria-label=\"Enlarge\"\n\t\t\tdata-wp-init=\"callbacks.initTriggerButton\"\n\t\t\tdata-wp-on--click=\"actions.showLightbox\"\n\t\t\tdata-wp-style--right=\"state.imageButtonRight\"\n\t\t\tdata-wp-style--top=\"state.imageButtonTop\"\n\t\t>\n\t\t\t<svg xmlns=\"http:\/\/www.w3.org\/2000\/svg\" width=\"12\" height=\"12\" fill=\"none\" viewBox=\"0 0 12 12\">\n\t\t\t\t<path fill=\"#fff\" d=\"M2 0a2 2 0 0 0-2 2v2h1.5V2a.5.5 0 0 1 .5-.5h2V0H2Zm2 10.5H2a.5.5 0 0 1-.5-.5V8H0v2a2 2 0 0 0 2 2h2v-1.5ZM8 12v-1.5h2a.5.5 0 0 0 .5-.5V8H12v2a2 2 0 0 1-2 2H8Zm2-12a2 2 0 0 1 2 2v2h-1.5V2a.5.5 0 0 0-.5-.5H8V0h2Z\" \/>\n\t\t\t<\/svg>\n\t\t<\/button><\/figure>\n<\/figure>\n\n\n\n<p><\/p>\n","protected":false},"excerpt":{"rendered":"<p>Ocorrida no dia 22 de fevereiro de 2026, na sede da ACAL ( Associa\u00e7\u00e3o Cultural e Assistencial da Liberdade), quando aconteceu tamb\u00e9m a entrega dos certificados para os novos instrutores 2025.<\/p>\n","protected":false},"author":1,"featured_media":1062,"comment_status":"open","ping_status":"open","sticky":false,"template":"","format":"standard","meta":{"footnotes":""},"categories":[1],"tags":[295,314,58,315],"class_list":["post-1061","post","type-post","status-publish","format-standard","has-post-thumbnail","hentry","category-noticias","tag-295","tag-42a-assembleia-geral","tag-certificados","tag-novos-instutores"],"yoast_head":"<!-- This site is optimized with the Yoast SEO plugin v27.1.1 - https:\/\/yoast.com\/product\/yoast-seo-wordpress\/ -->\n<title>42\u00aa Assembl\u00e9ia Geral Ordin\u00e1ria da Federa\u00e7\u00e3o de R\u00e1dio Taiss\u00f4 do Brasil - Federa\u00e7\u00e3o de R\u00e1dio Taiss\u00f4 do Brasil<\/title>\n<meta name=\"robots\" content=\"index, follow, max-snippet:-1, max-image-preview:large, max-video-preview:-1\" \/>\n<link rel=\"canonical\" href=\"https:\/\/radiotaisso.com.br\/play\/index.php\/2026\/02\/23\/42a-assembleia-geral-ordinaria-da-federacao-de-radio-taisso-do-brasil\/\" \/>\n<meta property=\"og:locale\" content=\"en_US\" \/>\n<meta property=\"og:type\" content=\"article\" \/>\n<meta property=\"og:title\" content=\"42\u00aa Assembl\u00e9ia Geral Ordin\u00e1ria da Federa\u00e7\u00e3o de R\u00e1dio Taiss\u00f4 do Brasil - Federa\u00e7\u00e3o de R\u00e1dio Taiss\u00f4 do Brasil\" \/>\n<meta property=\"og:description\" content=\"Ocorrida no dia 22 de fevereiro de 2026, na sede da ACAL ( Associa\u00e7\u00e3o Cultural e Assistencial da Liberdade), quando aconteceu tamb\u00e9m a entrega dos certificados para os novos instrutores 2025.\" \/>\n<meta property=\"og:url\" content=\"https:\/\/radiotaisso.com.br\/play\/index.php\/2026\/02\/23\/42a-assembleia-geral-ordinaria-da-federacao-de-radio-taisso-do-brasil\/\" \/>\n<meta property=\"og:site_name\" content=\"Federa\u00e7\u00e3o de R\u00e1dio Taiss\u00f4 do Brasil\" \/>\n<meta property=\"article:publisher\" content=\"https:\/\/www.facebook.com\/RadioTaissodoBrasil\" \/>\n<meta property=\"article:published_time\" content=\"2026-02-23T21:52:58+00:00\" \/>\n<meta property=\"article:modified_time\" content=\"2026-02-23T21:56:07+00:00\" \/>\n<meta property=\"og:image\" content=\"https:\/\/radiotaisso.com.br\/play\/wp-content\/uploads\/2026\/02\/639597170_1217518993894853_527640965244265153_n.jpg\" \/>\n\t<meta property=\"og:image:width\" content=\"2048\" \/>\n\t<meta property=\"og:image:height\" content=\"1152\" \/>\n\t<meta property=\"og:image:type\" content=\"image\/jpeg\" \/>\n<meta name=\"author\" content=\"Direto da Reda\u00e7\u00e3o\" \/>\n<meta name=\"twitter:card\" content=\"summary_large_image\" \/>\n<meta name=\"twitter:label1\" content=\"Written by\" \/>\n\t<meta name=\"twitter:data1\" content=\"Direto da Reda\u00e7\u00e3o\" \/>\n\t<meta name=\"twitter:label2\" content=\"Est. reading time\" \/>\n\t<meta name=\"twitter:data2\" content=\"1 minute\" \/>\n<script type=\"application\/ld+json\" class=\"yoast-schema-graph\">{\"@context\":\"https:\/\/schema.org\",\"@graph\":[{\"@type\":\"Article\",\"@id\":\"https:\/\/radiotaisso.com.br\/play\/index.php\/2026\/02\/23\/42a-assembleia-geral-ordinaria-da-federacao-de-radio-taisso-do-brasil\/#article\",\"isPartOf\":{\"@id\":\"https:\/\/radiotaisso.com.br\/play\/index.php\/2026\/02\/23\/42a-assembleia-geral-ordinaria-da-federacao-de-radio-taisso-do-brasil\/\"},\"author\":{\"name\":\"Direto da Reda\u00e7\u00e3o\",\"@id\":\"https:\/\/radiotaisso.com.br\/play\/#\/schema\/person\/bc7a568875ab6d6fd6456d59ccda3e12\"},\"headline\":\"42\u00aa Assembl\u00e9ia Geral Ordin\u00e1ria da Federa\u00e7\u00e3o de R\u00e1dio Taiss\u00f4 do Brasil\",\"datePublished\":\"2026-02-23T21:52:58+00:00\",\"dateModified\":\"2026-02-23T21:56:07+00:00\",\"mainEntityOfPage\":{\"@id\":\"https:\/\/radiotaisso.com.br\/play\/index.php\/2026\/02\/23\/42a-assembleia-geral-ordinaria-da-federacao-de-radio-taisso-do-brasil\/\"},\"wordCount\":43,\"commentCount\":0,\"publisher\":{\"@id\":\"https:\/\/radiotaisso.com.br\/play\/#organization\"},\"image\":{\"@id\":\"https:\/\/radiotaisso.com.br\/play\/index.php\/2026\/02\/23\/42a-assembleia-geral-ordinaria-da-federacao-de-radio-taisso-do-brasil\/#primaryimage\"},\"thumbnailUrl\":\"https:\/\/radiotaisso.com.br\/play\/wp-content\/uploads\/2026\/02\/639597170_1217518993894853_527640965244265153_n.jpg\",\"keywords\":[\"2026\",\"42\u00aa Assembleia Geral\",\"Certificados\",\"Novos Instutores\"],\"articleSection\":[\"Not\u00edcias\"],\"inLanguage\":\"en-US\",\"potentialAction\":[{\"@type\":\"CommentAction\",\"name\":\"Comment\",\"target\":[\"https:\/\/radiotaisso.com.br\/play\/index.php\/2026\/02\/23\/42a-assembleia-geral-ordinaria-da-federacao-de-radio-taisso-do-brasil\/#respond\"]}]},{\"@type\":\"WebPage\",\"@id\":\"https:\/\/radiotaisso.com.br\/play\/index.php\/2026\/02\/23\/42a-assembleia-geral-ordinaria-da-federacao-de-radio-taisso-do-brasil\/\",\"url\":\"https:\/\/radiotaisso.com.br\/play\/index.php\/2026\/02\/23\/42a-assembleia-geral-ordinaria-da-federacao-de-radio-taisso-do-brasil\/\",\"name\":\"42\u00aa Assembl\u00e9ia Geral Ordin\u00e1ria da Federa\u00e7\u00e3o de R\u00e1dio Taiss\u00f4 do Brasil - Federa\u00e7\u00e3o de R\u00e1dio Taiss\u00f4 do Brasil\",\"isPartOf\":{\"@id\":\"https:\/\/radiotaisso.com.br\/play\/#website\"},\"primaryImageOfPage\":{\"@id\":\"https:\/\/radiotaisso.com.br\/play\/index.php\/2026\/02\/23\/42a-assembleia-geral-ordinaria-da-federacao-de-radio-taisso-do-brasil\/#primaryimage\"},\"image\":{\"@id\":\"https:\/\/radiotaisso.com.br\/play\/index.php\/2026\/02\/23\/42a-assembleia-geral-ordinaria-da-federacao-de-radio-taisso-do-brasil\/#primaryimage\"},\"thumbnailUrl\":\"https:\/\/radiotaisso.com.br\/play\/wp-content\/uploads\/2026\/02\/639597170_1217518993894853_527640965244265153_n.jpg\",\"datePublished\":\"2026-02-23T21:52:58+00:00\",\"dateModified\":\"2026-02-23T21:56:07+00:00\",\"breadcrumb\":{\"@id\":\"https:\/\/radiotaisso.com.br\/play\/index.php\/2026\/02\/23\/42a-assembleia-geral-ordinaria-da-federacao-de-radio-taisso-do-brasil\/#breadcrumb\"},\"inLanguage\":\"en-US\",\"potentialAction\":[{\"@type\":\"ReadAction\",\"target\":[\"https:\/\/radiotaisso.com.br\/play\/index.php\/2026\/02\/23\/42a-assembleia-geral-ordinaria-da-federacao-de-radio-taisso-do-brasil\/\"]}]},{\"@type\":\"ImageObject\",\"inLanguage\":\"en-US\",\"@id\":\"https:\/\/radiotaisso.com.br\/play\/index.php\/2026\/02\/23\/42a-assembleia-geral-ordinaria-da-federacao-de-radio-taisso-do-brasil\/#primaryimage\",\"url\":\"https:\/\/radiotaisso.com.br\/play\/wp-content\/uploads\/2026\/02\/639597170_1217518993894853_527640965244265153_n.jpg\",\"contentUrl\":\"https:\/\/radiotaisso.com.br\/play\/wp-content\/uploads\/2026\/02\/639597170_1217518993894853_527640965244265153_n.jpg\",\"width\":2048,\"height\":1152},{\"@type\":\"BreadcrumbList\",\"@id\":\"https:\/\/radiotaisso.com.br\/play\/index.php\/2026\/02\/23\/42a-assembleia-geral-ordinaria-da-federacao-de-radio-taisso-do-brasil\/#breadcrumb\",\"itemListElement\":[{\"@type\":\"ListItem\",\"position\":1,\"name\":\"In\u00edcio\",\"item\":\"https:\/\/radiotaisso.com.br\/play\/\"},{\"@type\":\"ListItem\",\"position\":2,\"name\":\"42\u00aa Assembl\u00e9ia Geral Ordin\u00e1ria da Federa\u00e7\u00e3o de R\u00e1dio Taiss\u00f4 do Brasil\"}]},{\"@type\":\"WebSite\",\"@id\":\"https:\/\/radiotaisso.com.br\/play\/#website\",\"url\":\"https:\/\/radiotaisso.com.br\/play\/\",\"name\":\"Federa\u00e7\u00e3o de R\u00e1dio Taiss\u00f4 do Brasil\",\"description\":\"Federa\u00e7\u00e3o de R\u00e1dio Taiss\u00f4 do Brasil \",\"publisher\":{\"@id\":\"https:\/\/radiotaisso.com.br\/play\/#organization\"},\"potentialAction\":[{\"@type\":\"SearchAction\",\"target\":{\"@type\":\"EntryPoint\",\"urlTemplate\":\"https:\/\/radiotaisso.com.br\/play\/?s={search_term_string}\"},\"query-input\":{\"@type\":\"PropertyValueSpecification\",\"valueRequired\":true,\"valueName\":\"search_term_string\"}}],\"inLanguage\":\"en-US\"},{\"@type\":\"Organization\",\"@id\":\"https:\/\/radiotaisso.com.br\/play\/#organization\",\"name\":\"FERTBRA\",\"url\":\"https:\/\/radiotaisso.com.br\/play\/\",\"logo\":{\"@type\":\"ImageObject\",\"inLanguage\":\"en-US\",\"@id\":\"https:\/\/radiotaisso.com.br\/play\/#\/schema\/logo\/image\/\",\"url\":\"https:\/\/radiotaisso.com.br\/play\/wp-content\/uploads\/2025\/01\/logo_taisso2.png\",\"contentUrl\":\"https:\/\/radiotaisso.com.br\/play\/wp-content\/uploads\/2025\/01\/logo_taisso2.png\",\"width\":483,\"height\":397,\"caption\":\"FERTBRA\"},\"image\":{\"@id\":\"https:\/\/radiotaisso.com.br\/play\/#\/schema\/logo\/image\/\"},\"sameAs\":[\"https:\/\/www.facebook.com\/RadioTaissodoBrasil\",\"https:\/\/www.instagram.com\/federacaoderadiotaissodobrasil\",\"https:\/\/www.youtube.com\/@FederacaoRadioTaissodoBrasil\"]},{\"@type\":\"Person\",\"@id\":\"https:\/\/radiotaisso.com.br\/play\/#\/schema\/person\/bc7a568875ab6d6fd6456d59ccda3e12\",\"name\":\"Direto da Reda\u00e7\u00e3o\",\"image\":{\"@type\":\"ImageObject\",\"inLanguage\":\"en-US\",\"@id\":\"https:\/\/radiotaisso.com.br\/play\/#\/schema\/person\/image\/\",\"url\":\"https:\/\/secure.gravatar.com\/avatar\/c61db01ab541ef3ceacbd00f9d7ac7bc7201d6a9ab06f49b03dc9f4b3e201303?s=96&d=mm&r=g\",\"contentUrl\":\"https:\/\/secure.gravatar.com\/avatar\/c61db01ab541ef3ceacbd00f9d7ac7bc7201d6a9ab06f49b03dc9f4b3e201303?s=96&d=mm&r=g\",\"caption\":\"Direto da Reda\u00e7\u00e3o\"},\"sameAs\":[\"http:\/\/radiotaisso.com.br\/play\"],\"url\":\"https:\/\/radiotaisso.com.br\/play\/index.php\/author\/digiacomoprodutoragmail-com\/\"}]}<\/script>\n<!-- \/ Yoast SEO plugin. -->","yoast_head_json":{"title":"42\u00aa Assembl\u00e9ia Geral Ordin\u00e1ria da Federa\u00e7\u00e3o de R\u00e1dio Taiss\u00f4 do Brasil - Federa\u00e7\u00e3o de R\u00e1dio Taiss\u00f4 do Brasil","robots":{"index":"index","follow":"follow","max-snippet":"max-snippet:-1","max-image-preview":"max-image-preview:large","max-video-preview":"max-video-preview:-1"},"canonical":"https:\/\/radiotaisso.com.br\/play\/index.php\/2026\/02\/23\/42a-assembleia-geral-ordinaria-da-federacao-de-radio-taisso-do-brasil\/","og_locale":"en_US","og_type":"article","og_title":"42\u00aa Assembl\u00e9ia Geral Ordin\u00e1ria da Federa\u00e7\u00e3o de R\u00e1dio Taiss\u00f4 do Brasil - Federa\u00e7\u00e3o de R\u00e1dio Taiss\u00f4 do Brasil","og_description":"Ocorrida no dia 22 de fevereiro de 2026, na sede da ACAL ( Associa\u00e7\u00e3o Cultural e Assistencial da Liberdade), quando aconteceu tamb\u00e9m a entrega dos certificados para os novos instrutores 2025.","og_url":"https:\/\/radiotaisso.com.br\/play\/index.php\/2026\/02\/23\/42a-assembleia-geral-ordinaria-da-federacao-de-radio-taisso-do-brasil\/","og_site_name":"Federa\u00e7\u00e3o de R\u00e1dio Taiss\u00f4 do Brasil","article_publisher":"https:\/\/www.facebook.com\/RadioTaissodoBrasil","article_published_time":"2026-02-23T21:52:58+00:00","article_modified_time":"2026-02-23T21:56:07+00:00","og_image":[{"width":2048,"height":1152,"url":"https:\/\/radiotaisso.com.br\/play\/wp-content\/uploads\/2026\/02\/639597170_1217518993894853_527640965244265153_n.jpg","type":"image\/jpeg"}],"author":"Direto da Reda\u00e7\u00e3o","twitter_card":"summary_large_image","twitter_misc":{"Written by":"Direto da Reda\u00e7\u00e3o","Est. reading time":"1 minute"},"schema":{"@context":"https:\/\/schema.org","@graph":[{"@type":"Article","@id":"https:\/\/radiotaisso.com.br\/play\/index.php\/2026\/02\/23\/42a-assembleia-geral-ordinaria-da-federacao-de-radio-taisso-do-brasil\/#article","isPartOf":{"@id":"https:\/\/radiotaisso.com.br\/play\/index.php\/2026\/02\/23\/42a-assembleia-geral-ordinaria-da-federacao-de-radio-taisso-do-brasil\/"},"author":{"name":"Direto da Reda\u00e7\u00e3o","@id":"https:\/\/radiotaisso.com.br\/play\/#\/schema\/person\/bc7a568875ab6d6fd6456d59ccda3e12"},"headline":"42\u00aa Assembl\u00e9ia Geral Ordin\u00e1ria da Federa\u00e7\u00e3o de R\u00e1dio Taiss\u00f4 do Brasil","datePublished":"2026-02-23T21:52:58+00:00","dateModified":"2026-02-23T21:56:07+00:00","mainEntityOfPage":{"@id":"https:\/\/radiotaisso.com.br\/play\/index.php\/2026\/02\/23\/42a-assembleia-geral-ordinaria-da-federacao-de-radio-taisso-do-brasil\/"},"wordCount":43,"commentCount":0,"publisher":{"@id":"https:\/\/radiotaisso.com.br\/play\/#organization"},"image":{"@id":"https:\/\/radiotaisso.com.br\/play\/index.php\/2026\/02\/23\/42a-assembleia-geral-ordinaria-da-federacao-de-radio-taisso-do-brasil\/#primaryimage"},"thumbnailUrl":"https:\/\/radiotaisso.com.br\/play\/wp-content\/uploads\/2026\/02\/639597170_1217518993894853_527640965244265153_n.jpg","keywords":["2026","42\u00aa Assembleia Geral","Certificados","Novos Instutores"],"articleSection":["Not\u00edcias"],"inLanguage":"en-US","potentialAction":[{"@type":"CommentAction","name":"Comment","target":["https:\/\/radiotaisso.com.br\/play\/index.php\/2026\/02\/23\/42a-assembleia-geral-ordinaria-da-federacao-de-radio-taisso-do-brasil\/#respond"]}]},{"@type":"WebPage","@id":"https:\/\/radiotaisso.com.br\/play\/index.php\/2026\/02\/23\/42a-assembleia-geral-ordinaria-da-federacao-de-radio-taisso-do-brasil\/","url":"https:\/\/radiotaisso.com.br\/play\/index.php\/2026\/02\/23\/42a-assembleia-geral-ordinaria-da-federacao-de-radio-taisso-do-brasil\/","name":"42\u00aa Assembl\u00e9ia Geral Ordin\u00e1ria da Federa\u00e7\u00e3o de R\u00e1dio Taiss\u00f4 do Brasil - Federa\u00e7\u00e3o de R\u00e1dio Taiss\u00f4 do Brasil","isPartOf":{"@id":"https:\/\/radiotaisso.com.br\/play\/#website"},"primaryImageOfPage":{"@id":"https:\/\/radiotaisso.com.br\/play\/index.php\/2026\/02\/23\/42a-assembleia-geral-ordinaria-da-federacao-de-radio-taisso-do-brasil\/#primaryimage"},"image":{"@id":"https:\/\/radiotaisso.com.br\/play\/index.php\/2026\/02\/23\/42a-assembleia-geral-ordinaria-da-federacao-de-radio-taisso-do-brasil\/#primaryimage"},"thumbnailUrl":"https:\/\/radiotaisso.com.br\/play\/wp-content\/uploads\/2026\/02\/639597170_1217518993894853_527640965244265153_n.jpg","datePublished":"2026-02-23T21:52:58+00:00","dateModified":"2026-02-23T21:56:07+00:00","breadcrumb":{"@id":"https:\/\/radiotaisso.com.br\/play\/index.php\/2026\/02\/23\/42a-assembleia-geral-ordinaria-da-federacao-de-radio-taisso-do-brasil\/#breadcrumb"},"inLanguage":"en-US","potentialAction":[{"@type":"ReadAction","target":["https:\/\/radiotaisso.com.br\/play\/index.php\/2026\/02\/23\/42a-assembleia-geral-ordinaria-da-federacao-de-radio-taisso-do-brasil\/"]}]},{"@type":"ImageObject","inLanguage":"en-US","@id":"https:\/\/radiotaisso.com.br\/play\/index.php\/2026\/02\/23\/42a-assembleia-geral-ordinaria-da-federacao-de-radio-taisso-do-brasil\/#primaryimage","url":"https:\/\/radiotaisso.com.br\/play\/wp-content\/uploads\/2026\/02\/639597170_1217518993894853_527640965244265153_n.jpg","contentUrl":"https:\/\/radiotaisso.com.br\/play\/wp-content\/uploads\/2026\/02\/639597170_1217518993894853_527640965244265153_n.jpg","width":2048,"height":1152},{"@type":"BreadcrumbList","@id":"https:\/\/radiotaisso.com.br\/play\/index.php\/2026\/02\/23\/42a-assembleia-geral-ordinaria-da-federacao-de-radio-taisso-do-brasil\/#breadcrumb","itemListElement":[{"@type":"ListItem","position":1,"name":"In\u00edcio","item":"https:\/\/radiotaisso.com.br\/play\/"},{"@type":"ListItem","position":2,"name":"42\u00aa Assembl\u00e9ia Geral Ordin\u00e1ria da Federa\u00e7\u00e3o de R\u00e1dio Taiss\u00f4 do Brasil"}]},{"@type":"WebSite","@id":"https:\/\/radiotaisso.com.br\/play\/#website","url":"https:\/\/radiotaisso.com.br\/play\/","name":"Federa\u00e7\u00e3o de R\u00e1dio Taiss\u00f4 do Brasil","description":"Federa\u00e7\u00e3o de R\u00e1dio Taiss\u00f4 do Brasil ","publisher":{"@id":"https:\/\/radiotaisso.com.br\/play\/#organization"},"potentialAction":[{"@type":"SearchAction","target":{"@type":"EntryPoint","urlTemplate":"https:\/\/radiotaisso.com.br\/play\/?s={search_term_string}"},"query-input":{"@type":"PropertyValueSpecification","valueRequired":true,"valueName":"search_term_string"}}],"inLanguage":"en-US"},{"@type":"Organization","@id":"https:\/\/radiotaisso.com.br\/play\/#organization","name":"FERTBRA","url":"https:\/\/radiotaisso.com.br\/play\/","logo":{"@type":"ImageObject","inLanguage":"en-US","@id":"https:\/\/radiotaisso.com.br\/play\/#\/schema\/logo\/image\/","url":"https:\/\/radiotaisso.com.br\/play\/wp-content\/uploads\/2025\/01\/logo_taisso2.png","contentUrl":"https:\/\/radiotaisso.com.br\/play\/wp-content\/uploads\/2025\/01\/logo_taisso2.png","width":483,"height":397,"caption":"FERTBRA"},"image":{"@id":"https:\/\/radiotaisso.com.br\/play\/#\/schema\/logo\/image\/"},"sameAs":["https:\/\/www.facebook.com\/RadioTaissodoBrasil","https:\/\/www.instagram.com\/federacaoderadiotaissodobrasil","https:\/\/www.youtube.com\/@FederacaoRadioTaissodoBrasil"]},{"@type":"Person","@id":"https:\/\/radiotaisso.com.br\/play\/#\/schema\/person\/bc7a568875ab6d6fd6456d59ccda3e12","name":"Direto da Reda\u00e7\u00e3o","image":{"@type":"ImageObject","inLanguage":"en-US","@id":"https:\/\/radiotaisso.com.br\/play\/#\/schema\/person\/image\/","url":"https:\/\/secure.gravatar.com\/avatar\/c61db01ab541ef3ceacbd00f9d7ac7bc7201d6a9ab06f49b03dc9f4b3e201303?s=96&d=mm&r=g","contentUrl":"https:\/\/secure.gravatar.com\/avatar\/c61db01ab541ef3ceacbd00f9d7ac7bc7201d6a9ab06f49b03dc9f4b3e201303?s=96&d=mm&r=g","caption":"Direto da Reda\u00e7\u00e3o"},"sameAs":["http:\/\/radiotaisso.com.br\/play"],"url":"https:\/\/radiotaisso.com.br\/play\/index.php\/author\/digiacomoprodutoragmail-com\/"}]}},"_links":{"self":[{"href":"https:\/\/radiotaisso.com.br\/play\/index.php\/wp-json\/wp\/v2\/posts\/1061","targetHints":{"allow":["GET"]}}],"collection":[{"href":"https:\/\/radiotaisso.com.br\/play\/index.php\/wp-json\/wp\/v2\/posts"}],"about":[{"href":"https:\/\/radiotaisso.com.br\/play\/index.php\/wp-json\/wp\/v2\/types\/post"}],"author":[{"embeddable":true,"href":"https:\/\/radiotaisso.com.br\/play\/index.php\/wp-json\/wp\/v2\/users\/1"}],"replies":[{"embeddable":true,"href":"https:\/\/radiotaisso.com.br\/play\/index.php\/wp-json\/wp\/v2\/comments?post=1061"}],"version-history":[{"count":4,"href":"https:\/\/radiotaisso.com.br\/play\/index.php\/wp-json\/wp\/v2\/posts\/1061\/revisions"}],"predecessor-version":[{"id":1071,"href":"https:\/\/radiotaisso.com.br\/play\/index.php\/wp-json\/wp\/v2\/posts\/1061\/revisions\/1071"}],"wp:featuredmedia":[{"embeddable":true,"href":"https:\/\/radiotaisso.com.br\/play\/index.php\/wp-json\/wp\/v2\/media\/1062"}],"wp:attachment":[{"href":"https:\/\/radiotaisso.com.br\/play\/index.php\/wp-json\/wp\/v2\/media?parent=1061"}],"wp:term":[{"taxonomy":"category","embeddable":true,"href":"https:\/\/radiotaisso.com.br\/play\/index.php\/wp-json\/wp\/v2\/categories?post=1061"},{"taxonomy":"post_tag","embeddable":true,"href":"https:\/\/radiotaisso.com.br\/play\/index.php\/wp-json\/wp\/v2\/tags?post=1061"}],"curies":[{"name":"wp","href":"https:\/\/api.w.org\/{rel}","templated":true}]}}