{"id":148,"date":"2025-01-03T17:05:23","date_gmt":"2025-01-03T20:05:23","guid":{"rendered":"https:\/\/radiotaisso.com.br\/play\/?p=148"},"modified":"2025-01-03T18:56:22","modified_gmt":"2025-01-03T21:56:22","slug":"32o-festival-de-radio-taisso-do-brasil","status":"publish","type":"post","link":"https:\/\/radiotaisso.com.br\/play\/index.php\/2025\/01\/03\/32o-festival-de-radio-taisso-do-brasil\/","title":{"rendered":"32\u00ba Festival de R\u00e1dio Taisso do Brasil"},"content":{"rendered":"\n<p>106\u00ba Ano da imigra\u00e7\u00e3o japonesa. 36\u00ba Ano de funda\u00e7\u00e3o da FERTBRA. Dia Estadual da R\u00e1dio Taiss\u00f4. Dia Municipal da R\u00e1dio Taiss\u00f4. 32\u00ba Festival de R\u00e1dio Taiss\u00f4 do Brasil, no Parque do Ibirapuera, Avenida Rep\u00fablica do L\u00edbano, 1151, no dia 14\/06\/2014. <\/p>\n\n\n\n<figure class=\"wp-block-gallery has-nested-images columns-default is-cropped wp-block-gallery-1 is-layout-flex wp-block-gallery-is-layout-flex\">\n<figure data-wp-context=\"{&quot;imageId&quot;:&quot;69f1b052072b5&quot;}\" data-wp-interactive=\"core\/image\" data-wp-key=\"69f1b052072b5\" class=\"wp-block-image size-full wp-lightbox-container\"><img fetchpriority=\"high\" decoding=\"async\" width=\"867\" height=\"833\" data-wp-class--hide=\"state.isContentHidden\" data-wp-class--show=\"state.isContentVisible\" data-wp-init=\"callbacks.setButtonStyles\" data-wp-on--click=\"actions.showLightbox\" data-wp-on--load=\"callbacks.setButtonStyles\" data-wp-on-window--resize=\"callbacks.setButtonStyles\" data-id=\"150\" src=\"https:\/\/radiotaisso.com.br\/play\/wp-content\/uploads\/2025\/01\/02.jpg\" alt=\"\" class=\"wp-image-150\" srcset=\"https:\/\/radiotaisso.com.br\/play\/wp-content\/uploads\/2025\/01\/02.jpg 867w, https:\/\/radiotaisso.com.br\/play\/wp-content\/uploads\/2025\/01\/02-300x288.jpg 300w, https:\/\/radiotaisso.com.br\/play\/wp-content\/uploads\/2025\/01\/02-768x738.jpg 768w\" sizes=\"(max-width: 867px) 100vw, 867px\" \/><button\n\t\t\tclass=\"lightbox-trigger\"\n\t\t\ttype=\"button\"\n\t\t\taria-haspopup=\"dialog\"\n\t\t\taria-label=\"Enlarge\"\n\t\t\tdata-wp-init=\"callbacks.initTriggerButton\"\n\t\t\tdata-wp-on--click=\"actions.showLightbox\"\n\t\t\tdata-wp-style--right=\"state.imageButtonRight\"\n\t\t\tdata-wp-style--top=\"state.imageButtonTop\"\n\t\t>\n\t\t\t<svg xmlns=\"http:\/\/www.w3.org\/2000\/svg\" width=\"12\" height=\"12\" fill=\"none\" viewBox=\"0 0 12 12\">\n\t\t\t\t<path fill=\"#fff\" d=\"M2 0a2 2 0 0 0-2 2v2h1.5V2a.5.5 0 0 1 .5-.5h2V0H2Zm2 10.5H2a.5.5 0 0 1-.5-.5V8H0v2a2 2 0 0 0 2 2h2v-1.5ZM8 12v-1.5h2a.5.5 0 0 0 .5-.5V8H12v2a2 2 0 0 1-2 2H8Zm2-12a2 2 0 0 1 2 2v2h-1.5V2a.5.5 0 0 0-.5-.5H8V0h2Z\" \/>\n\t\t\t<\/svg>\n\t\t<\/button><\/figure>\n\n\n\n<figure data-wp-context=\"{&quot;imageId&quot;:&quot;69f1b05207b73&quot;}\" data-wp-interactive=\"core\/image\" data-wp-key=\"69f1b05207b73\" class=\"wp-block-image size-full wp-lightbox-container\"><img decoding=\"async\" width=\"867\" height=\"833\" data-wp-class--hide=\"state.isContentHidden\" data-wp-class--show=\"state.isContentVisible\" data-wp-init=\"callbacks.setButtonStyles\" data-wp-on--click=\"actions.showLightbox\" data-wp-on--load=\"callbacks.setButtonStyles\" data-wp-on-window--resize=\"callbacks.setButtonStyles\" data-id=\"151\" src=\"https:\/\/radiotaisso.com.br\/play\/wp-content\/uploads\/2025\/01\/03.jpg\" alt=\"\" class=\"wp-image-151\" srcset=\"https:\/\/radiotaisso.com.br\/play\/wp-content\/uploads\/2025\/01\/03.jpg 867w, https:\/\/radiotaisso.com.br\/play\/wp-content\/uploads\/2025\/01\/03-300x288.jpg 300w, https:\/\/radiotaisso.com.br\/play\/wp-content\/uploads\/2025\/01\/03-768x738.jpg 768w\" sizes=\"(max-width: 867px) 100vw, 867px\" \/><button\n\t\t\tclass=\"lightbox-trigger\"\n\t\t\ttype=\"button\"\n\t\t\taria-haspopup=\"dialog\"\n\t\t\taria-label=\"Enlarge\"\n\t\t\tdata-wp-init=\"callbacks.initTriggerButton\"\n\t\t\tdata-wp-on--click=\"actions.showLightbox\"\n\t\t\tdata-wp-style--right=\"state.imageButtonRight\"\n\t\t\tdata-wp-style--top=\"state.imageButtonTop\"\n\t\t>\n\t\t\t<svg xmlns=\"http:\/\/www.w3.org\/2000\/svg\" width=\"12\" height=\"12\" fill=\"none\" viewBox=\"0 0 12 12\">\n\t\t\t\t<path fill=\"#fff\" d=\"M2 0a2 2 0 0 0-2 2v2h1.5V2a.5.5 0 0 1 .5-.5h2V0H2Zm2 10.5H2a.5.5 0 0 1-.5-.5V8H0v2a2 2 0 0 0 2 2h2v-1.5ZM8 12v-1.5h2a.5.5 0 0 0 .5-.5V8H12v2a2 2 0 0 1-2 2H8Zm2-12a2 2 0 0 1 2 2v2h-1.5V2a.5.5 0 0 0-.5-.5H8V0h2Z\" \/>\n\t\t\t<\/svg>\n\t\t<\/button><\/figure>\n<\/figure>\n\n\n\n<p><\/p>\n","protected":false},"excerpt":{"rendered":"<p>106\u00ba Ano da imigra\u00e7\u00e3o japonesa. 36\u00ba Ano de funda\u00e7\u00e3o da FERTBRA. Dia Estadual da R\u00e1dio Taiss\u00f4. Dia Municipal da R\u00e1dio Taiss\u00f4. 32\u00ba Festival de R\u00e1dio Taiss\u00f4 do Brasil, no Parque do Ibirapuera, Avenida Rep\u00fablica do L\u00edbano, 1151, no dia 14\/06\/2014.<\/p>\n","protected":false},"author":1,"featured_media":149,"comment_status":"open","ping_status":"open","sticky":false,"template":"","format":"standard","meta":{"footnotes":""},"categories":[1],"tags":[24,21,20,22,23],"class_list":["post-148","post","type-post","status-publish","format-standard","has-post-thumbnail","hentry","category-noticias","tag-24","tag-32o-festival-de-radio-taisso","tag-fertbra","tag-imigracao-japonesa","tag-parque-do-ibirapuera"],"yoast_head":"<!-- This site is optimized with the Yoast SEO plugin v27.1.1 - https:\/\/yoast.com\/product\/yoast-seo-wordpress\/ -->\n<title>32\u00ba Festival de R\u00e1dio Taisso do Brasil - Federa\u00e7\u00e3o de R\u00e1dio Taiss\u00f4 do Brasil<\/title>\n<meta name=\"robots\" content=\"index, follow, max-snippet:-1, max-image-preview:large, max-video-preview:-1\" \/>\n<link rel=\"canonical\" href=\"https:\/\/radiotaisso.com.br\/play\/index.php\/2025\/01\/03\/32o-festival-de-radio-taisso-do-brasil\/\" \/>\n<meta property=\"og:locale\" content=\"en_US\" \/>\n<meta property=\"og:type\" content=\"article\" \/>\n<meta property=\"og:title\" content=\"32\u00ba Festival de R\u00e1dio Taisso do Brasil - Federa\u00e7\u00e3o de R\u00e1dio Taiss\u00f4 do Brasil\" \/>\n<meta property=\"og:description\" content=\"106\u00ba Ano da imigra\u00e7\u00e3o japonesa. 36\u00ba Ano de funda\u00e7\u00e3o da FERTBRA. Dia Estadual da R\u00e1dio Taiss\u00f4. Dia Municipal da R\u00e1dio Taiss\u00f4. 32\u00ba Festival de R\u00e1dio Taiss\u00f4 do Brasil, no Parque do Ibirapuera, Avenida Rep\u00fablica do L\u00edbano, 1151, no dia 14\/06\/2014.\" \/>\n<meta property=\"og:url\" content=\"https:\/\/radiotaisso.com.br\/play\/index.php\/2025\/01\/03\/32o-festival-de-radio-taisso-do-brasil\/\" \/>\n<meta property=\"og:site_name\" content=\"Federa\u00e7\u00e3o de R\u00e1dio Taiss\u00f4 do Brasil\" \/>\n<meta property=\"article:publisher\" content=\"https:\/\/www.facebook.com\/RadioTaissodoBrasil\" \/>\n<meta property=\"article:published_time\" content=\"2025-01-03T20:05:23+00:00\" \/>\n<meta property=\"article:modified_time\" content=\"2025-01-03T21:56:22+00:00\" \/>\n<meta property=\"og:image\" content=\"https:\/\/radiotaisso.com.br\/play\/wp-content\/uploads\/2025\/01\/01.jpg\" \/>\n\t<meta property=\"og:image:width\" content=\"864\" \/>\n\t<meta property=\"og:image:height\" content=\"619\" \/>\n\t<meta property=\"og:image:type\" content=\"image\/jpeg\" \/>\n<meta name=\"author\" content=\"Direto da Reda\u00e7\u00e3o\" \/>\n<meta name=\"twitter:card\" content=\"summary_large_image\" \/>\n<meta name=\"twitter:label1\" content=\"Written by\" \/>\n\t<meta name=\"twitter:data1\" content=\"Direto da Reda\u00e7\u00e3o\" \/>\n<script type=\"application\/ld+json\" class=\"yoast-schema-graph\">{\"@context\":\"https:\/\/schema.org\",\"@graph\":[{\"@type\":\"Article\",\"@id\":\"https:\/\/radiotaisso.com.br\/play\/index.php\/2025\/01\/03\/32o-festival-de-radio-taisso-do-brasil\/#article\",\"isPartOf\":{\"@id\":\"https:\/\/radiotaisso.com.br\/play\/index.php\/2025\/01\/03\/32o-festival-de-radio-taisso-do-brasil\/\"},\"author\":{\"name\":\"Direto da Reda\u00e7\u00e3o\",\"@id\":\"https:\/\/radiotaisso.com.br\/play\/#\/schema\/person\/bc7a568875ab6d6fd6456d59ccda3e12\"},\"headline\":\"32\u00ba Festival de R\u00e1dio Taisso do Brasil\",\"datePublished\":\"2025-01-03T20:05:23+00:00\",\"dateModified\":\"2025-01-03T21:56:22+00:00\",\"mainEntityOfPage\":{\"@id\":\"https:\/\/radiotaisso.com.br\/play\/index.php\/2025\/01\/03\/32o-festival-de-radio-taisso-do-brasil\/\"},\"wordCount\":49,\"commentCount\":0,\"publisher\":{\"@id\":\"https:\/\/radiotaisso.com.br\/play\/#organization\"},\"image\":{\"@id\":\"https:\/\/radiotaisso.com.br\/play\/index.php\/2025\/01\/03\/32o-festival-de-radio-taisso-do-brasil\/#primaryimage\"},\"thumbnailUrl\":\"https:\/\/radiotaisso.com.br\/play\/wp-content\/uploads\/2025\/01\/01.jpg\",\"keywords\":[\"2014\",\"32\u00ba Festival de R\u00e1dio Taisso\",\"FERTBRA\",\"imigra\u00e7\u00e3o japonesa\",\"Parque do Ibirapuera\"],\"articleSection\":[\"Not\u00edcias\"],\"inLanguage\":\"en-US\",\"potentialAction\":[{\"@type\":\"CommentAction\",\"name\":\"Comment\",\"target\":[\"https:\/\/radiotaisso.com.br\/play\/index.php\/2025\/01\/03\/32o-festival-de-radio-taisso-do-brasil\/#respond\"]}]},{\"@type\":\"WebPage\",\"@id\":\"https:\/\/radiotaisso.com.br\/play\/index.php\/2025\/01\/03\/32o-festival-de-radio-taisso-do-brasil\/\",\"url\":\"https:\/\/radiotaisso.com.br\/play\/index.php\/2025\/01\/03\/32o-festival-de-radio-taisso-do-brasil\/\",\"name\":\"32\u00ba Festival de R\u00e1dio Taisso do Brasil - Federa\u00e7\u00e3o de R\u00e1dio Taiss\u00f4 do Brasil\",\"isPartOf\":{\"@id\":\"https:\/\/radiotaisso.com.br\/play\/#website\"},\"primaryImageOfPage\":{\"@id\":\"https:\/\/radiotaisso.com.br\/play\/index.php\/2025\/01\/03\/32o-festival-de-radio-taisso-do-brasil\/#primaryimage\"},\"image\":{\"@id\":\"https:\/\/radiotaisso.com.br\/play\/index.php\/2025\/01\/03\/32o-festival-de-radio-taisso-do-brasil\/#primaryimage\"},\"thumbnailUrl\":\"https:\/\/radiotaisso.com.br\/play\/wp-content\/uploads\/2025\/01\/01.jpg\",\"datePublished\":\"2025-01-03T20:05:23+00:00\",\"dateModified\":\"2025-01-03T21:56:22+00:00\",\"breadcrumb\":{\"@id\":\"https:\/\/radiotaisso.com.br\/play\/index.php\/2025\/01\/03\/32o-festival-de-radio-taisso-do-brasil\/#breadcrumb\"},\"inLanguage\":\"en-US\",\"potentialAction\":[{\"@type\":\"ReadAction\",\"target\":[\"https:\/\/radiotaisso.com.br\/play\/index.php\/2025\/01\/03\/32o-festival-de-radio-taisso-do-brasil\/\"]}]},{\"@type\":\"ImageObject\",\"inLanguage\":\"en-US\",\"@id\":\"https:\/\/radiotaisso.com.br\/play\/index.php\/2025\/01\/03\/32o-festival-de-radio-taisso-do-brasil\/#primaryimage\",\"url\":\"https:\/\/radiotaisso.com.br\/play\/wp-content\/uploads\/2025\/01\/01.jpg\",\"contentUrl\":\"https:\/\/radiotaisso.com.br\/play\/wp-content\/uploads\/2025\/01\/01.jpg\",\"width\":864,\"height\":619},{\"@type\":\"BreadcrumbList\",\"@id\":\"https:\/\/radiotaisso.com.br\/play\/index.php\/2025\/01\/03\/32o-festival-de-radio-taisso-do-brasil\/#breadcrumb\",\"itemListElement\":[{\"@type\":\"ListItem\",\"position\":1,\"name\":\"In\u00edcio\",\"item\":\"https:\/\/radiotaisso.com.br\/play\/\"},{\"@type\":\"ListItem\",\"position\":2,\"name\":\"32\u00ba Festival de R\u00e1dio Taisso do Brasil\"}]},{\"@type\":\"WebSite\",\"@id\":\"https:\/\/radiotaisso.com.br\/play\/#website\",\"url\":\"https:\/\/radiotaisso.com.br\/play\/\",\"name\":\"Federa\u00e7\u00e3o de R\u00e1dio Taiss\u00f4 do Brasil\",\"description\":\"Federa\u00e7\u00e3o de R\u00e1dio Taiss\u00f4 do Brasil \",\"publisher\":{\"@id\":\"https:\/\/radiotaisso.com.br\/play\/#organization\"},\"potentialAction\":[{\"@type\":\"SearchAction\",\"target\":{\"@type\":\"EntryPoint\",\"urlTemplate\":\"https:\/\/radiotaisso.com.br\/play\/?s={search_term_string}\"},\"query-input\":{\"@type\":\"PropertyValueSpecification\",\"valueRequired\":true,\"valueName\":\"search_term_string\"}}],\"inLanguage\":\"en-US\"},{\"@type\":\"Organization\",\"@id\":\"https:\/\/radiotaisso.com.br\/play\/#organization\",\"name\":\"FERTBRA\",\"url\":\"https:\/\/radiotaisso.com.br\/play\/\",\"logo\":{\"@type\":\"ImageObject\",\"inLanguage\":\"en-US\",\"@id\":\"https:\/\/radiotaisso.com.br\/play\/#\/schema\/logo\/image\/\",\"url\":\"https:\/\/radiotaisso.com.br\/play\/wp-content\/uploads\/2025\/01\/logo_taisso2.png\",\"contentUrl\":\"https:\/\/radiotaisso.com.br\/play\/wp-content\/uploads\/2025\/01\/logo_taisso2.png\",\"width\":483,\"height\":397,\"caption\":\"FERTBRA\"},\"image\":{\"@id\":\"https:\/\/radiotaisso.com.br\/play\/#\/schema\/logo\/image\/\"},\"sameAs\":[\"https:\/\/www.facebook.com\/RadioTaissodoBrasil\",\"https:\/\/www.instagram.com\/federacaoderadiotaissodobrasil\",\"https:\/\/www.youtube.com\/@FederacaoRadioTaissodoBrasil\"]},{\"@type\":\"Person\",\"@id\":\"https:\/\/radiotaisso.com.br\/play\/#\/schema\/person\/bc7a568875ab6d6fd6456d59ccda3e12\",\"name\":\"Direto da Reda\u00e7\u00e3o\",\"image\":{\"@type\":\"ImageObject\",\"inLanguage\":\"en-US\",\"@id\":\"https:\/\/radiotaisso.com.br\/play\/#\/schema\/person\/image\/\",\"url\":\"https:\/\/secure.gravatar.com\/avatar\/c61db01ab541ef3ceacbd00f9d7ac7bc7201d6a9ab06f49b03dc9f4b3e201303?s=96&d=mm&r=g\",\"contentUrl\":\"https:\/\/secure.gravatar.com\/avatar\/c61db01ab541ef3ceacbd00f9d7ac7bc7201d6a9ab06f49b03dc9f4b3e201303?s=96&d=mm&r=g\",\"caption\":\"Direto da Reda\u00e7\u00e3o\"},\"sameAs\":[\"http:\/\/radiotaisso.com.br\/play\"],\"url\":\"https:\/\/radiotaisso.com.br\/play\/index.php\/author\/digiacomoprodutoragmail-com\/\"}]}<\/script>\n<!-- \/ Yoast SEO plugin. -->","yoast_head_json":{"title":"32\u00ba Festival de R\u00e1dio Taisso do Brasil - Federa\u00e7\u00e3o de R\u00e1dio Taiss\u00f4 do Brasil","robots":{"index":"index","follow":"follow","max-snippet":"max-snippet:-1","max-image-preview":"max-image-preview:large","max-video-preview":"max-video-preview:-1"},"canonical":"https:\/\/radiotaisso.com.br\/play\/index.php\/2025\/01\/03\/32o-festival-de-radio-taisso-do-brasil\/","og_locale":"en_US","og_type":"article","og_title":"32\u00ba Festival de R\u00e1dio Taisso do Brasil - Federa\u00e7\u00e3o de R\u00e1dio Taiss\u00f4 do Brasil","og_description":"106\u00ba Ano da imigra\u00e7\u00e3o japonesa. 36\u00ba Ano de funda\u00e7\u00e3o da FERTBRA. Dia Estadual da R\u00e1dio Taiss\u00f4. Dia Municipal da R\u00e1dio Taiss\u00f4. 32\u00ba Festival de R\u00e1dio Taiss\u00f4 do Brasil, no Parque do Ibirapuera, Avenida Rep\u00fablica do L\u00edbano, 1151, no dia 14\/06\/2014.","og_url":"https:\/\/radiotaisso.com.br\/play\/index.php\/2025\/01\/03\/32o-festival-de-radio-taisso-do-brasil\/","og_site_name":"Federa\u00e7\u00e3o de R\u00e1dio Taiss\u00f4 do Brasil","article_publisher":"https:\/\/www.facebook.com\/RadioTaissodoBrasil","article_published_time":"2025-01-03T20:05:23+00:00","article_modified_time":"2025-01-03T21:56:22+00:00","og_image":[{"width":864,"height":619,"url":"https:\/\/radiotaisso.com.br\/play\/wp-content\/uploads\/2025\/01\/01.jpg","type":"image\/jpeg"}],"author":"Direto da Reda\u00e7\u00e3o","twitter_card":"summary_large_image","twitter_misc":{"Written by":"Direto da Reda\u00e7\u00e3o"},"schema":{"@context":"https:\/\/schema.org","@graph":[{"@type":"Article","@id":"https:\/\/radiotaisso.com.br\/play\/index.php\/2025\/01\/03\/32o-festival-de-radio-taisso-do-brasil\/#article","isPartOf":{"@id":"https:\/\/radiotaisso.com.br\/play\/index.php\/2025\/01\/03\/32o-festival-de-radio-taisso-do-brasil\/"},"author":{"name":"Direto da Reda\u00e7\u00e3o","@id":"https:\/\/radiotaisso.com.br\/play\/#\/schema\/person\/bc7a568875ab6d6fd6456d59ccda3e12"},"headline":"32\u00ba Festival de R\u00e1dio Taisso do Brasil","datePublished":"2025-01-03T20:05:23+00:00","dateModified":"2025-01-03T21:56:22+00:00","mainEntityOfPage":{"@id":"https:\/\/radiotaisso.com.br\/play\/index.php\/2025\/01\/03\/32o-festival-de-radio-taisso-do-brasil\/"},"wordCount":49,"commentCount":0,"publisher":{"@id":"https:\/\/radiotaisso.com.br\/play\/#organization"},"image":{"@id":"https:\/\/radiotaisso.com.br\/play\/index.php\/2025\/01\/03\/32o-festival-de-radio-taisso-do-brasil\/#primaryimage"},"thumbnailUrl":"https:\/\/radiotaisso.com.br\/play\/wp-content\/uploads\/2025\/01\/01.jpg","keywords":["2014","32\u00ba Festival de R\u00e1dio Taisso","FERTBRA","imigra\u00e7\u00e3o japonesa","Parque do Ibirapuera"],"articleSection":["Not\u00edcias"],"inLanguage":"en-US","potentialAction":[{"@type":"CommentAction","name":"Comment","target":["https:\/\/radiotaisso.com.br\/play\/index.php\/2025\/01\/03\/32o-festival-de-radio-taisso-do-brasil\/#respond"]}]},{"@type":"WebPage","@id":"https:\/\/radiotaisso.com.br\/play\/index.php\/2025\/01\/03\/32o-festival-de-radio-taisso-do-brasil\/","url":"https:\/\/radiotaisso.com.br\/play\/index.php\/2025\/01\/03\/32o-festival-de-radio-taisso-do-brasil\/","name":"32\u00ba Festival de R\u00e1dio Taisso do Brasil - Federa\u00e7\u00e3o de R\u00e1dio Taiss\u00f4 do Brasil","isPartOf":{"@id":"https:\/\/radiotaisso.com.br\/play\/#website"},"primaryImageOfPage":{"@id":"https:\/\/radiotaisso.com.br\/play\/index.php\/2025\/01\/03\/32o-festival-de-radio-taisso-do-brasil\/#primaryimage"},"image":{"@id":"https:\/\/radiotaisso.com.br\/play\/index.php\/2025\/01\/03\/32o-festival-de-radio-taisso-do-brasil\/#primaryimage"},"thumbnailUrl":"https:\/\/radiotaisso.com.br\/play\/wp-content\/uploads\/2025\/01\/01.jpg","datePublished":"2025-01-03T20:05:23+00:00","dateModified":"2025-01-03T21:56:22+00:00","breadcrumb":{"@id":"https:\/\/radiotaisso.com.br\/play\/index.php\/2025\/01\/03\/32o-festival-de-radio-taisso-do-brasil\/#breadcrumb"},"inLanguage":"en-US","potentialAction":[{"@type":"ReadAction","target":["https:\/\/radiotaisso.com.br\/play\/index.php\/2025\/01\/03\/32o-festival-de-radio-taisso-do-brasil\/"]}]},{"@type":"ImageObject","inLanguage":"en-US","@id":"https:\/\/radiotaisso.com.br\/play\/index.php\/2025\/01\/03\/32o-festival-de-radio-taisso-do-brasil\/#primaryimage","url":"https:\/\/radiotaisso.com.br\/play\/wp-content\/uploads\/2025\/01\/01.jpg","contentUrl":"https:\/\/radiotaisso.com.br\/play\/wp-content\/uploads\/2025\/01\/01.jpg","width":864,"height":619},{"@type":"BreadcrumbList","@id":"https:\/\/radiotaisso.com.br\/play\/index.php\/2025\/01\/03\/32o-festival-de-radio-taisso-do-brasil\/#breadcrumb","itemListElement":[{"@type":"ListItem","position":1,"name":"In\u00edcio","item":"https:\/\/radiotaisso.com.br\/play\/"},{"@type":"ListItem","position":2,"name":"32\u00ba Festival de R\u00e1dio Taisso do Brasil"}]},{"@type":"WebSite","@id":"https:\/\/radiotaisso.com.br\/play\/#website","url":"https:\/\/radiotaisso.com.br\/play\/","name":"Federa\u00e7\u00e3o de R\u00e1dio Taiss\u00f4 do Brasil","description":"Federa\u00e7\u00e3o de R\u00e1dio Taiss\u00f4 do Brasil ","publisher":{"@id":"https:\/\/radiotaisso.com.br\/play\/#organization"},"potentialAction":[{"@type":"SearchAction","target":{"@type":"EntryPoint","urlTemplate":"https:\/\/radiotaisso.com.br\/play\/?s={search_term_string}"},"query-input":{"@type":"PropertyValueSpecification","valueRequired":true,"valueName":"search_term_string"}}],"inLanguage":"en-US"},{"@type":"Organization","@id":"https:\/\/radiotaisso.com.br\/play\/#organization","name":"FERTBRA","url":"https:\/\/radiotaisso.com.br\/play\/","logo":{"@type":"ImageObject","inLanguage":"en-US","@id":"https:\/\/radiotaisso.com.br\/play\/#\/schema\/logo\/image\/","url":"https:\/\/radiotaisso.com.br\/play\/wp-content\/uploads\/2025\/01\/logo_taisso2.png","contentUrl":"https:\/\/radiotaisso.com.br\/play\/wp-content\/uploads\/2025\/01\/logo_taisso2.png","width":483,"height":397,"caption":"FERTBRA"},"image":{"@id":"https:\/\/radiotaisso.com.br\/play\/#\/schema\/logo\/image\/"},"sameAs":["https:\/\/www.facebook.com\/RadioTaissodoBrasil","https:\/\/www.instagram.com\/federacaoderadiotaissodobrasil","https:\/\/www.youtube.com\/@FederacaoRadioTaissodoBrasil"]},{"@type":"Person","@id":"https:\/\/radiotaisso.com.br\/play\/#\/schema\/person\/bc7a568875ab6d6fd6456d59ccda3e12","name":"Direto da Reda\u00e7\u00e3o","image":{"@type":"ImageObject","inLanguage":"en-US","@id":"https:\/\/radiotaisso.com.br\/play\/#\/schema\/person\/image\/","url":"https:\/\/secure.gravatar.com\/avatar\/c61db01ab541ef3ceacbd00f9d7ac7bc7201d6a9ab06f49b03dc9f4b3e201303?s=96&d=mm&r=g","contentUrl":"https:\/\/secure.gravatar.com\/avatar\/c61db01ab541ef3ceacbd00f9d7ac7bc7201d6a9ab06f49b03dc9f4b3e201303?s=96&d=mm&r=g","caption":"Direto da Reda\u00e7\u00e3o"},"sameAs":["http:\/\/radiotaisso.com.br\/play"],"url":"https:\/\/radiotaisso.com.br\/play\/index.php\/author\/digiacomoprodutoragmail-com\/"}]}},"_links":{"self":[{"href":"https:\/\/radiotaisso.com.br\/play\/index.php\/wp-json\/wp\/v2\/posts\/148","targetHints":{"allow":["GET"]}}],"collection":[{"href":"https:\/\/radiotaisso.com.br\/play\/index.php\/wp-json\/wp\/v2\/posts"}],"about":[{"href":"https:\/\/radiotaisso.com.br\/play\/index.php\/wp-json\/wp\/v2\/types\/post"}],"author":[{"embeddable":true,"href":"https:\/\/radiotaisso.com.br\/play\/index.php\/wp-json\/wp\/v2\/users\/1"}],"replies":[{"embeddable":true,"href":"https:\/\/radiotaisso.com.br\/play\/index.php\/wp-json\/wp\/v2\/comments?post=148"}],"version-history":[{"count":3,"href":"https:\/\/radiotaisso.com.br\/play\/index.php\/wp-json\/wp\/v2\/posts\/148\/revisions"}],"predecessor-version":[{"id":188,"href":"https:\/\/radiotaisso.com.br\/play\/index.php\/wp-json\/wp\/v2\/posts\/148\/revisions\/188"}],"wp:featuredmedia":[{"embeddable":true,"href":"https:\/\/radiotaisso.com.br\/play\/index.php\/wp-json\/wp\/v2\/media\/149"}],"wp:attachment":[{"href":"https:\/\/radiotaisso.com.br\/play\/index.php\/wp-json\/wp\/v2\/media?parent=148"}],"wp:term":[{"taxonomy":"category","embeddable":true,"href":"https:\/\/radiotaisso.com.br\/play\/index.php\/wp-json\/wp\/v2\/categories?post=148"},{"taxonomy":"post_tag","embeddable":true,"href":"https:\/\/radiotaisso.com.br\/play\/index.php\/wp-json\/wp\/v2\/tags?post=148"}],"curies":[{"name":"wp","href":"https:\/\/api.w.org\/{rel}","templated":true}]}}