{"id":341,"date":"2025-01-04T19:10:56","date_gmt":"2025-01-04T22:10:56","guid":{"rendered":"https:\/\/radiotaisso.com.br\/play\/?p=341"},"modified":"2025-01-04T19:16:41","modified_gmt":"2025-01-04T22:16:41","slug":"35o-festival-de-radio-taisso","status":"publish","type":"post","link":"https:\/\/radiotaisso.com.br\/play\/index.php\/2025\/01\/04\/35o-festival-de-radio-taisso\/","title":{"rendered":"35\u00ba Festival de R\u00e1dio Taisso"},"content":{"rendered":"\n<p>18\/06\/2017 &#8211; 35\u00ba Festival de R\u00e1dio Taiss\u00f4 &#8211; Parque da Juventude &#8211; Av. Cruzeiro do Sul, 2630, Carandir\u00fa.<\/p>\n\n\n\n<figure class=\"wp-block-gallery has-nested-images columns-2 is-cropped wp-block-gallery-1 is-layout-flex wp-block-gallery-is-layout-flex\">\n<figure data-wp-context=\"{&quot;imageId&quot;:&quot;69f1b06a37552&quot;}\" data-wp-interactive=\"core\/image\" data-wp-key=\"69f1b06a37552\" class=\"wp-block-image size-large wp-lightbox-container\"><img fetchpriority=\"high\" decoding=\"async\" width=\"487\" height=\"279\" data-wp-class--hide=\"state.isContentHidden\" data-wp-class--show=\"state.isContentVisible\" data-wp-init=\"callbacks.setButtonStyles\" data-wp-on--click=\"actions.showLightbox\" data-wp-on--load=\"callbacks.setButtonStyles\" data-wp-on-window--resize=\"callbacks.setButtonStyles\" data-id=\"342\" src=\"https:\/\/radiotaisso.com.br\/play\/wp-content\/uploads\/2025\/01\/88.jpg\" alt=\"\" class=\"wp-image-342\" srcset=\"https:\/\/radiotaisso.com.br\/play\/wp-content\/uploads\/2025\/01\/88.jpg 487w, https:\/\/radiotaisso.com.br\/play\/wp-content\/uploads\/2025\/01\/88-300x172.jpg 300w\" sizes=\"(max-width: 487px) 100vw, 487px\" \/><button\n\t\t\tclass=\"lightbox-trigger\"\n\t\t\ttype=\"button\"\n\t\t\taria-haspopup=\"dialog\"\n\t\t\taria-label=\"Enlarge\"\n\t\t\tdata-wp-init=\"callbacks.initTriggerButton\"\n\t\t\tdata-wp-on--click=\"actions.showLightbox\"\n\t\t\tdata-wp-style--right=\"state.imageButtonRight\"\n\t\t\tdata-wp-style--top=\"state.imageButtonTop\"\n\t\t>\n\t\t\t<svg xmlns=\"http:\/\/www.w3.org\/2000\/svg\" width=\"12\" height=\"12\" fill=\"none\" viewBox=\"0 0 12 12\">\n\t\t\t\t<path fill=\"#fff\" d=\"M2 0a2 2 0 0 0-2 2v2h1.5V2a.5.5 0 0 1 .5-.5h2V0H2Zm2 10.5H2a.5.5 0 0 1-.5-.5V8H0v2a2 2 0 0 0 2 2h2v-1.5ZM8 12v-1.5h2a.5.5 0 0 0 .5-.5V8H12v2a2 2 0 0 1-2 2H8Zm2-12a2 2 0 0 1 2 2v2h-1.5V2a.5.5 0 0 0-.5-.5H8V0h2Z\" \/>\n\t\t\t<\/svg>\n\t\t<\/button><\/figure>\n\n\n\n<figure data-wp-context=\"{&quot;imageId&quot;:&quot;69f1b06a37dcf&quot;}\" data-wp-interactive=\"core\/image\" data-wp-key=\"69f1b06a37dcf\" class=\"wp-block-image size-large wp-lightbox-container\"><img decoding=\"async\" width=\"493\" height=\"302\" data-wp-class--hide=\"state.isContentHidden\" data-wp-class--show=\"state.isContentVisible\" data-wp-init=\"callbacks.setButtonStyles\" data-wp-on--click=\"actions.showLightbox\" data-wp-on--load=\"callbacks.setButtonStyles\" data-wp-on-window--resize=\"callbacks.setButtonStyles\" data-id=\"344\" src=\"https:\/\/radiotaisso.com.br\/play\/wp-content\/uploads\/2025\/01\/90.jpg\" alt=\"\" class=\"wp-image-344\" srcset=\"https:\/\/radiotaisso.com.br\/play\/wp-content\/uploads\/2025\/01\/90.jpg 493w, https:\/\/radiotaisso.com.br\/play\/wp-content\/uploads\/2025\/01\/90-300x184.jpg 300w\" sizes=\"(max-width: 493px) 100vw, 493px\" \/><button\n\t\t\tclass=\"lightbox-trigger\"\n\t\t\ttype=\"button\"\n\t\t\taria-haspopup=\"dialog\"\n\t\t\taria-label=\"Enlarge\"\n\t\t\tdata-wp-init=\"callbacks.initTriggerButton\"\n\t\t\tdata-wp-on--click=\"actions.showLightbox\"\n\t\t\tdata-wp-style--right=\"state.imageButtonRight\"\n\t\t\tdata-wp-style--top=\"state.imageButtonTop\"\n\t\t>\n\t\t\t<svg xmlns=\"http:\/\/www.w3.org\/2000\/svg\" width=\"12\" height=\"12\" fill=\"none\" viewBox=\"0 0 12 12\">\n\t\t\t\t<path fill=\"#fff\" d=\"M2 0a2 2 0 0 0-2 2v2h1.5V2a.5.5 0 0 1 .5-.5h2V0H2Zm2 10.5H2a.5.5 0 0 1-.5-.5V8H0v2a2 2 0 0 0 2 2h2v-1.5ZM8 12v-1.5h2a.5.5 0 0 0 .5-.5V8H12v2a2 2 0 0 1-2 2H8Zm2-12a2 2 0 0 1 2 2v2h-1.5V2a.5.5 0 0 0-.5-.5H8V0h2Z\" \/>\n\t\t\t<\/svg>\n\t\t<\/button><\/figure>\n\n\n\n<figure data-wp-context=\"{&quot;imageId&quot;:&quot;69f1b06a38554&quot;}\" data-wp-interactive=\"core\/image\" data-wp-key=\"69f1b06a38554\" class=\"wp-block-image size-large wp-lightbox-container\"><img decoding=\"async\" width=\"558\" height=\"270\" data-wp-class--hide=\"state.isContentHidden\" data-wp-class--show=\"state.isContentVisible\" data-wp-init=\"callbacks.setButtonStyles\" data-wp-on--click=\"actions.showLightbox\" data-wp-on--load=\"callbacks.setButtonStyles\" data-wp-on-window--resize=\"callbacks.setButtonStyles\" data-id=\"348\" src=\"https:\/\/radiotaisso.com.br\/play\/wp-content\/uploads\/2025\/01\/91.jpg\" alt=\"\" class=\"wp-image-348\" srcset=\"https:\/\/radiotaisso.com.br\/play\/wp-content\/uploads\/2025\/01\/91.jpg 558w, https:\/\/radiotaisso.com.br\/play\/wp-content\/uploads\/2025\/01\/91-300x145.jpg 300w\" sizes=\"(max-width: 558px) 100vw, 558px\" \/><button\n\t\t\tclass=\"lightbox-trigger\"\n\t\t\ttype=\"button\"\n\t\t\taria-haspopup=\"dialog\"\n\t\t\taria-label=\"Enlarge\"\n\t\t\tdata-wp-init=\"callbacks.initTriggerButton\"\n\t\t\tdata-wp-on--click=\"actions.showLightbox\"\n\t\t\tdata-wp-style--right=\"state.imageButtonRight\"\n\t\t\tdata-wp-style--top=\"state.imageButtonTop\"\n\t\t>\n\t\t\t<svg xmlns=\"http:\/\/www.w3.org\/2000\/svg\" width=\"12\" height=\"12\" fill=\"none\" viewBox=\"0 0 12 12\">\n\t\t\t\t<path fill=\"#fff\" d=\"M2 0a2 2 0 0 0-2 2v2h1.5V2a.5.5 0 0 1 .5-.5h2V0H2Zm2 10.5H2a.5.5 0 0 1-.5-.5V8H0v2a2 2 0 0 0 2 2h2v-1.5ZM8 12v-1.5h2a.5.5 0 0 0 .5-.5V8H12v2a2 2 0 0 1-2 2H8Zm2-12a2 2 0 0 1 2 2v2h-1.5V2a.5.5 0 0 0-.5-.5H8V0h2Z\" \/>\n\t\t\t<\/svg>\n\t\t<\/button><\/figure>\n\n\n\n<figure data-wp-context=\"{&quot;imageId&quot;:&quot;69f1b06a38c28&quot;}\" data-wp-interactive=\"core\/image\" data-wp-key=\"69f1b06a38c28\" class=\"wp-block-image size-large wp-lightbox-container\"><img loading=\"lazy\" decoding=\"async\" width=\"557\" height=\"267\" data-wp-class--hide=\"state.isContentHidden\" data-wp-class--show=\"state.isContentVisible\" data-wp-init=\"callbacks.setButtonStyles\" data-wp-on--click=\"actions.showLightbox\" data-wp-on--load=\"callbacks.setButtonStyles\" data-wp-on-window--resize=\"callbacks.setButtonStyles\" data-id=\"349\" src=\"https:\/\/radiotaisso.com.br\/play\/wp-content\/uploads\/2025\/01\/92.jpg\" alt=\"\" class=\"wp-image-349\" srcset=\"https:\/\/radiotaisso.com.br\/play\/wp-content\/uploads\/2025\/01\/92.jpg 557w, https:\/\/radiotaisso.com.br\/play\/wp-content\/uploads\/2025\/01\/92-300x144.jpg 300w\" sizes=\"(max-width: 557px) 100vw, 557px\" \/><button\n\t\t\tclass=\"lightbox-trigger\"\n\t\t\ttype=\"button\"\n\t\t\taria-haspopup=\"dialog\"\n\t\t\taria-label=\"Enlarge\"\n\t\t\tdata-wp-init=\"callbacks.initTriggerButton\"\n\t\t\tdata-wp-on--click=\"actions.showLightbox\"\n\t\t\tdata-wp-style--right=\"state.imageButtonRight\"\n\t\t\tdata-wp-style--top=\"state.imageButtonTop\"\n\t\t>\n\t\t\t<svg xmlns=\"http:\/\/www.w3.org\/2000\/svg\" width=\"12\" height=\"12\" fill=\"none\" viewBox=\"0 0 12 12\">\n\t\t\t\t<path fill=\"#fff\" d=\"M2 0a2 2 0 0 0-2 2v2h1.5V2a.5.5 0 0 1 .5-.5h2V0H2Zm2 10.5H2a.5.5 0 0 1-.5-.5V8H0v2a2 2 0 0 0 2 2h2v-1.5ZM8 12v-1.5h2a.5.5 0 0 0 .5-.5V8H12v2a2 2 0 0 1-2 2H8Zm2-12a2 2 0 0 1 2 2v2h-1.5V2a.5.5 0 0 0-.5-.5H8V0h2Z\" \/>\n\t\t\t<\/svg>\n\t\t<\/button><\/figure>\n\n\n\n<figure data-wp-context=\"{&quot;imageId&quot;:&quot;69f1b06a3927d&quot;}\" data-wp-interactive=\"core\/image\" data-wp-key=\"69f1b06a3927d\" class=\"wp-block-image size-large wp-lightbox-container\"><img loading=\"lazy\" decoding=\"async\" width=\"549\" height=\"324\" data-wp-class--hide=\"state.isContentHidden\" data-wp-class--show=\"state.isContentVisible\" data-wp-init=\"callbacks.setButtonStyles\" data-wp-on--click=\"actions.showLightbox\" data-wp-on--load=\"callbacks.setButtonStyles\" data-wp-on-window--resize=\"callbacks.setButtonStyles\" data-id=\"350\" src=\"https:\/\/radiotaisso.com.br\/play\/wp-content\/uploads\/2025\/01\/93.jpg\" alt=\"\" class=\"wp-image-350\" srcset=\"https:\/\/radiotaisso.com.br\/play\/wp-content\/uploads\/2025\/01\/93.jpg 549w, https:\/\/radiotaisso.com.br\/play\/wp-content\/uploads\/2025\/01\/93-300x177.jpg 300w\" sizes=\"(max-width: 549px) 100vw, 549px\" \/><button\n\t\t\tclass=\"lightbox-trigger\"\n\t\t\ttype=\"button\"\n\t\t\taria-haspopup=\"dialog\"\n\t\t\taria-label=\"Enlarge\"\n\t\t\tdata-wp-init=\"callbacks.initTriggerButton\"\n\t\t\tdata-wp-on--click=\"actions.showLightbox\"\n\t\t\tdata-wp-style--right=\"state.imageButtonRight\"\n\t\t\tdata-wp-style--top=\"state.imageButtonTop\"\n\t\t>\n\t\t\t<svg xmlns=\"http:\/\/www.w3.org\/2000\/svg\" width=\"12\" height=\"12\" fill=\"none\" viewBox=\"0 0 12 12\">\n\t\t\t\t<path fill=\"#fff\" d=\"M2 0a2 2 0 0 0-2 2v2h1.5V2a.5.5 0 0 1 .5-.5h2V0H2Zm2 10.5H2a.5.5 0 0 1-.5-.5V8H0v2a2 2 0 0 0 2 2h2v-1.5ZM8 12v-1.5h2a.5.5 0 0 0 .5-.5V8H12v2a2 2 0 0 1-2 2H8Zm2-12a2 2 0 0 1 2 2v2h-1.5V2a.5.5 0 0 0-.5-.5H8V0h2Z\" \/>\n\t\t\t<\/svg>\n\t\t<\/button><\/figure>\n<\/figure>\n","protected":false},"excerpt":{"rendered":"<p>18\/06\/2017 &#8211; 35\u00ba Festival de R\u00e1dio Taiss\u00f4 &#8211; Parque da Juventude &#8211; Av. Cruzeiro do Sul, 2630, Carandir\u00fa.<\/p>\n","protected":false},"author":1,"featured_media":343,"comment_status":"open","ping_status":"open","sticky":false,"template":"","format":"standard","meta":{"footnotes":""},"categories":[1],"tags":[101,99,100],"class_list":["post-341","post","type-post","status-publish","format-standard","has-post-thumbnail","hentry","category-noticias","tag-101","tag-35o-festival-de-radio-taisso","tag-parque-da-juventude"],"yoast_head":"<!-- This site is optimized with the Yoast SEO plugin v27.1.1 - https:\/\/yoast.com\/product\/yoast-seo-wordpress\/ -->\n<title>35\u00ba Festival de R\u00e1dio Taisso - Federa\u00e7\u00e3o de R\u00e1dio Taiss\u00f4 do Brasil<\/title>\n<meta name=\"robots\" content=\"index, follow, max-snippet:-1, max-image-preview:large, max-video-preview:-1\" \/>\n<link rel=\"canonical\" href=\"https:\/\/radiotaisso.com.br\/play\/index.php\/2025\/01\/04\/35o-festival-de-radio-taisso\/\" \/>\n<meta property=\"og:locale\" content=\"en_US\" \/>\n<meta property=\"og:type\" content=\"article\" \/>\n<meta property=\"og:title\" content=\"35\u00ba Festival de R\u00e1dio Taisso - Federa\u00e7\u00e3o de R\u00e1dio Taiss\u00f4 do Brasil\" \/>\n<meta property=\"og:description\" content=\"18\/06\/2017 &#8211; 35\u00ba Festival de R\u00e1dio Taiss\u00f4 &#8211; Parque da Juventude &#8211; Av. Cruzeiro do Sul, 2630, Carandir\u00fa.\" \/>\n<meta property=\"og:url\" content=\"https:\/\/radiotaisso.com.br\/play\/index.php\/2025\/01\/04\/35o-festival-de-radio-taisso\/\" \/>\n<meta property=\"og:site_name\" content=\"Federa\u00e7\u00e3o de R\u00e1dio Taiss\u00f4 do Brasil\" \/>\n<meta property=\"article:publisher\" content=\"https:\/\/www.facebook.com\/RadioTaissodoBrasil\" \/>\n<meta property=\"article:published_time\" content=\"2025-01-04T22:10:56+00:00\" \/>\n<meta property=\"article:modified_time\" content=\"2025-01-04T22:16:41+00:00\" \/>\n<meta property=\"og:image\" content=\"https:\/\/radiotaisso.com.br\/play\/wp-content\/uploads\/2025\/01\/89.jpg\" \/>\n\t<meta property=\"og:image:width\" content=\"570\" \/>\n\t<meta property=\"og:image:height\" content=\"294\" \/>\n\t<meta property=\"og:image:type\" content=\"image\/jpeg\" \/>\n<meta name=\"author\" content=\"Direto da Reda\u00e7\u00e3o\" \/>\n<meta name=\"twitter:card\" content=\"summary_large_image\" \/>\n<meta name=\"twitter:label1\" content=\"Written by\" \/>\n\t<meta name=\"twitter:data1\" content=\"Direto da Reda\u00e7\u00e3o\" \/>\n<script type=\"application\/ld+json\" class=\"yoast-schema-graph\">{\"@context\":\"https:\/\/schema.org\",\"@graph\":[{\"@type\":\"Article\",\"@id\":\"https:\/\/radiotaisso.com.br\/play\/index.php\/2025\/01\/04\/35o-festival-de-radio-taisso\/#article\",\"isPartOf\":{\"@id\":\"https:\/\/radiotaisso.com.br\/play\/index.php\/2025\/01\/04\/35o-festival-de-radio-taisso\/\"},\"author\":{\"name\":\"Direto da Reda\u00e7\u00e3o\",\"@id\":\"https:\/\/radiotaisso.com.br\/play\/#\/schema\/person\/bc7a568875ab6d6fd6456d59ccda3e12\"},\"headline\":\"35\u00ba Festival de R\u00e1dio Taisso\",\"datePublished\":\"2025-01-04T22:10:56+00:00\",\"dateModified\":\"2025-01-04T22:16:41+00:00\",\"mainEntityOfPage\":{\"@id\":\"https:\/\/radiotaisso.com.br\/play\/index.php\/2025\/01\/04\/35o-festival-de-radio-taisso\/\"},\"wordCount\":21,\"commentCount\":0,\"publisher\":{\"@id\":\"https:\/\/radiotaisso.com.br\/play\/#organization\"},\"image\":{\"@id\":\"https:\/\/radiotaisso.com.br\/play\/index.php\/2025\/01\/04\/35o-festival-de-radio-taisso\/#primaryimage\"},\"thumbnailUrl\":\"https:\/\/radiotaisso.com.br\/play\/wp-content\/uploads\/2025\/01\/89.jpg\",\"keywords\":[\"2017\",\"35\u00ba Festival de R\u00e1dio Taisso\",\"Parque da Juventude\"],\"articleSection\":[\"Not\u00edcias\"],\"inLanguage\":\"en-US\",\"potentialAction\":[{\"@type\":\"CommentAction\",\"name\":\"Comment\",\"target\":[\"https:\/\/radiotaisso.com.br\/play\/index.php\/2025\/01\/04\/35o-festival-de-radio-taisso\/#respond\"]}]},{\"@type\":\"WebPage\",\"@id\":\"https:\/\/radiotaisso.com.br\/play\/index.php\/2025\/01\/04\/35o-festival-de-radio-taisso\/\",\"url\":\"https:\/\/radiotaisso.com.br\/play\/index.php\/2025\/01\/04\/35o-festival-de-radio-taisso\/\",\"name\":\"35\u00ba Festival de R\u00e1dio Taisso - Federa\u00e7\u00e3o de R\u00e1dio Taiss\u00f4 do Brasil\",\"isPartOf\":{\"@id\":\"https:\/\/radiotaisso.com.br\/play\/#website\"},\"primaryImageOfPage\":{\"@id\":\"https:\/\/radiotaisso.com.br\/play\/index.php\/2025\/01\/04\/35o-festival-de-radio-taisso\/#primaryimage\"},\"image\":{\"@id\":\"https:\/\/radiotaisso.com.br\/play\/index.php\/2025\/01\/04\/35o-festival-de-radio-taisso\/#primaryimage\"},\"thumbnailUrl\":\"https:\/\/radiotaisso.com.br\/play\/wp-content\/uploads\/2025\/01\/89.jpg\",\"datePublished\":\"2025-01-04T22:10:56+00:00\",\"dateModified\":\"2025-01-04T22:16:41+00:00\",\"breadcrumb\":{\"@id\":\"https:\/\/radiotaisso.com.br\/play\/index.php\/2025\/01\/04\/35o-festival-de-radio-taisso\/#breadcrumb\"},\"inLanguage\":\"en-US\",\"potentialAction\":[{\"@type\":\"ReadAction\",\"target\":[\"https:\/\/radiotaisso.com.br\/play\/index.php\/2025\/01\/04\/35o-festival-de-radio-taisso\/\"]}]},{\"@type\":\"ImageObject\",\"inLanguage\":\"en-US\",\"@id\":\"https:\/\/radiotaisso.com.br\/play\/index.php\/2025\/01\/04\/35o-festival-de-radio-taisso\/#primaryimage\",\"url\":\"https:\/\/radiotaisso.com.br\/play\/wp-content\/uploads\/2025\/01\/89.jpg\",\"contentUrl\":\"https:\/\/radiotaisso.com.br\/play\/wp-content\/uploads\/2025\/01\/89.jpg\",\"width\":570,\"height\":294},{\"@type\":\"BreadcrumbList\",\"@id\":\"https:\/\/radiotaisso.com.br\/play\/index.php\/2025\/01\/04\/35o-festival-de-radio-taisso\/#breadcrumb\",\"itemListElement\":[{\"@type\":\"ListItem\",\"position\":1,\"name\":\"In\u00edcio\",\"item\":\"https:\/\/radiotaisso.com.br\/play\/\"},{\"@type\":\"ListItem\",\"position\":2,\"name\":\"35\u00ba Festival de R\u00e1dio Taisso\"}]},{\"@type\":\"WebSite\",\"@id\":\"https:\/\/radiotaisso.com.br\/play\/#website\",\"url\":\"https:\/\/radiotaisso.com.br\/play\/\",\"name\":\"Federa\u00e7\u00e3o de R\u00e1dio Taiss\u00f4 do Brasil\",\"description\":\"Federa\u00e7\u00e3o de R\u00e1dio Taiss\u00f4 do Brasil \",\"publisher\":{\"@id\":\"https:\/\/radiotaisso.com.br\/play\/#organization\"},\"potentialAction\":[{\"@type\":\"SearchAction\",\"target\":{\"@type\":\"EntryPoint\",\"urlTemplate\":\"https:\/\/radiotaisso.com.br\/play\/?s={search_term_string}\"},\"query-input\":{\"@type\":\"PropertyValueSpecification\",\"valueRequired\":true,\"valueName\":\"search_term_string\"}}],\"inLanguage\":\"en-US\"},{\"@type\":\"Organization\",\"@id\":\"https:\/\/radiotaisso.com.br\/play\/#organization\",\"name\":\"FERTBRA\",\"url\":\"https:\/\/radiotaisso.com.br\/play\/\",\"logo\":{\"@type\":\"ImageObject\",\"inLanguage\":\"en-US\",\"@id\":\"https:\/\/radiotaisso.com.br\/play\/#\/schema\/logo\/image\/\",\"url\":\"https:\/\/radiotaisso.com.br\/play\/wp-content\/uploads\/2025\/01\/logo_taisso2.png\",\"contentUrl\":\"https:\/\/radiotaisso.com.br\/play\/wp-content\/uploads\/2025\/01\/logo_taisso2.png\",\"width\":483,\"height\":397,\"caption\":\"FERTBRA\"},\"image\":{\"@id\":\"https:\/\/radiotaisso.com.br\/play\/#\/schema\/logo\/image\/\"},\"sameAs\":[\"https:\/\/www.facebook.com\/RadioTaissodoBrasil\",\"https:\/\/www.instagram.com\/federacaoderadiotaissodobrasil\",\"https:\/\/www.youtube.com\/@FederacaoRadioTaissodoBrasil\"]},{\"@type\":\"Person\",\"@id\":\"https:\/\/radiotaisso.com.br\/play\/#\/schema\/person\/bc7a568875ab6d6fd6456d59ccda3e12\",\"name\":\"Direto da Reda\u00e7\u00e3o\",\"image\":{\"@type\":\"ImageObject\",\"inLanguage\":\"en-US\",\"@id\":\"https:\/\/radiotaisso.com.br\/play\/#\/schema\/person\/image\/\",\"url\":\"https:\/\/secure.gravatar.com\/avatar\/c61db01ab541ef3ceacbd00f9d7ac7bc7201d6a9ab06f49b03dc9f4b3e201303?s=96&d=mm&r=g\",\"contentUrl\":\"https:\/\/secure.gravatar.com\/avatar\/c61db01ab541ef3ceacbd00f9d7ac7bc7201d6a9ab06f49b03dc9f4b3e201303?s=96&d=mm&r=g\",\"caption\":\"Direto da Reda\u00e7\u00e3o\"},\"sameAs\":[\"http:\/\/radiotaisso.com.br\/play\"],\"url\":\"https:\/\/radiotaisso.com.br\/play\/index.php\/author\/digiacomoprodutoragmail-com\/\"}]}<\/script>\n<!-- \/ Yoast SEO plugin. -->","yoast_head_json":{"title":"35\u00ba Festival de R\u00e1dio Taisso - Federa\u00e7\u00e3o de R\u00e1dio Taiss\u00f4 do Brasil","robots":{"index":"index","follow":"follow","max-snippet":"max-snippet:-1","max-image-preview":"max-image-preview:large","max-video-preview":"max-video-preview:-1"},"canonical":"https:\/\/radiotaisso.com.br\/play\/index.php\/2025\/01\/04\/35o-festival-de-radio-taisso\/","og_locale":"en_US","og_type":"article","og_title":"35\u00ba Festival de R\u00e1dio Taisso - Federa\u00e7\u00e3o de R\u00e1dio Taiss\u00f4 do Brasil","og_description":"18\/06\/2017 &#8211; 35\u00ba Festival de R\u00e1dio Taiss\u00f4 &#8211; Parque da Juventude &#8211; Av. Cruzeiro do Sul, 2630, Carandir\u00fa.","og_url":"https:\/\/radiotaisso.com.br\/play\/index.php\/2025\/01\/04\/35o-festival-de-radio-taisso\/","og_site_name":"Federa\u00e7\u00e3o de R\u00e1dio Taiss\u00f4 do Brasil","article_publisher":"https:\/\/www.facebook.com\/RadioTaissodoBrasil","article_published_time":"2025-01-04T22:10:56+00:00","article_modified_time":"2025-01-04T22:16:41+00:00","og_image":[{"width":570,"height":294,"url":"https:\/\/radiotaisso.com.br\/play\/wp-content\/uploads\/2025\/01\/89.jpg","type":"image\/jpeg"}],"author":"Direto da Reda\u00e7\u00e3o","twitter_card":"summary_large_image","twitter_misc":{"Written by":"Direto da Reda\u00e7\u00e3o"},"schema":{"@context":"https:\/\/schema.org","@graph":[{"@type":"Article","@id":"https:\/\/radiotaisso.com.br\/play\/index.php\/2025\/01\/04\/35o-festival-de-radio-taisso\/#article","isPartOf":{"@id":"https:\/\/radiotaisso.com.br\/play\/index.php\/2025\/01\/04\/35o-festival-de-radio-taisso\/"},"author":{"name":"Direto da Reda\u00e7\u00e3o","@id":"https:\/\/radiotaisso.com.br\/play\/#\/schema\/person\/bc7a568875ab6d6fd6456d59ccda3e12"},"headline":"35\u00ba Festival de R\u00e1dio Taisso","datePublished":"2025-01-04T22:10:56+00:00","dateModified":"2025-01-04T22:16:41+00:00","mainEntityOfPage":{"@id":"https:\/\/radiotaisso.com.br\/play\/index.php\/2025\/01\/04\/35o-festival-de-radio-taisso\/"},"wordCount":21,"commentCount":0,"publisher":{"@id":"https:\/\/radiotaisso.com.br\/play\/#organization"},"image":{"@id":"https:\/\/radiotaisso.com.br\/play\/index.php\/2025\/01\/04\/35o-festival-de-radio-taisso\/#primaryimage"},"thumbnailUrl":"https:\/\/radiotaisso.com.br\/play\/wp-content\/uploads\/2025\/01\/89.jpg","keywords":["2017","35\u00ba Festival de R\u00e1dio Taisso","Parque da Juventude"],"articleSection":["Not\u00edcias"],"inLanguage":"en-US","potentialAction":[{"@type":"CommentAction","name":"Comment","target":["https:\/\/radiotaisso.com.br\/play\/index.php\/2025\/01\/04\/35o-festival-de-radio-taisso\/#respond"]}]},{"@type":"WebPage","@id":"https:\/\/radiotaisso.com.br\/play\/index.php\/2025\/01\/04\/35o-festival-de-radio-taisso\/","url":"https:\/\/radiotaisso.com.br\/play\/index.php\/2025\/01\/04\/35o-festival-de-radio-taisso\/","name":"35\u00ba Festival de R\u00e1dio Taisso - Federa\u00e7\u00e3o de R\u00e1dio Taiss\u00f4 do Brasil","isPartOf":{"@id":"https:\/\/radiotaisso.com.br\/play\/#website"},"primaryImageOfPage":{"@id":"https:\/\/radiotaisso.com.br\/play\/index.php\/2025\/01\/04\/35o-festival-de-radio-taisso\/#primaryimage"},"image":{"@id":"https:\/\/radiotaisso.com.br\/play\/index.php\/2025\/01\/04\/35o-festival-de-radio-taisso\/#primaryimage"},"thumbnailUrl":"https:\/\/radiotaisso.com.br\/play\/wp-content\/uploads\/2025\/01\/89.jpg","datePublished":"2025-01-04T22:10:56+00:00","dateModified":"2025-01-04T22:16:41+00:00","breadcrumb":{"@id":"https:\/\/radiotaisso.com.br\/play\/index.php\/2025\/01\/04\/35o-festival-de-radio-taisso\/#breadcrumb"},"inLanguage":"en-US","potentialAction":[{"@type":"ReadAction","target":["https:\/\/radiotaisso.com.br\/play\/index.php\/2025\/01\/04\/35o-festival-de-radio-taisso\/"]}]},{"@type":"ImageObject","inLanguage":"en-US","@id":"https:\/\/radiotaisso.com.br\/play\/index.php\/2025\/01\/04\/35o-festival-de-radio-taisso\/#primaryimage","url":"https:\/\/radiotaisso.com.br\/play\/wp-content\/uploads\/2025\/01\/89.jpg","contentUrl":"https:\/\/radiotaisso.com.br\/play\/wp-content\/uploads\/2025\/01\/89.jpg","width":570,"height":294},{"@type":"BreadcrumbList","@id":"https:\/\/radiotaisso.com.br\/play\/index.php\/2025\/01\/04\/35o-festival-de-radio-taisso\/#breadcrumb","itemListElement":[{"@type":"ListItem","position":1,"name":"In\u00edcio","item":"https:\/\/radiotaisso.com.br\/play\/"},{"@type":"ListItem","position":2,"name":"35\u00ba Festival de R\u00e1dio Taisso"}]},{"@type":"WebSite","@id":"https:\/\/radiotaisso.com.br\/play\/#website","url":"https:\/\/radiotaisso.com.br\/play\/","name":"Federa\u00e7\u00e3o de R\u00e1dio Taiss\u00f4 do Brasil","description":"Federa\u00e7\u00e3o de R\u00e1dio Taiss\u00f4 do Brasil ","publisher":{"@id":"https:\/\/radiotaisso.com.br\/play\/#organization"},"potentialAction":[{"@type":"SearchAction","target":{"@type":"EntryPoint","urlTemplate":"https:\/\/radiotaisso.com.br\/play\/?s={search_term_string}"},"query-input":{"@type":"PropertyValueSpecification","valueRequired":true,"valueName":"search_term_string"}}],"inLanguage":"en-US"},{"@type":"Organization","@id":"https:\/\/radiotaisso.com.br\/play\/#organization","name":"FERTBRA","url":"https:\/\/radiotaisso.com.br\/play\/","logo":{"@type":"ImageObject","inLanguage":"en-US","@id":"https:\/\/radiotaisso.com.br\/play\/#\/schema\/logo\/image\/","url":"https:\/\/radiotaisso.com.br\/play\/wp-content\/uploads\/2025\/01\/logo_taisso2.png","contentUrl":"https:\/\/radiotaisso.com.br\/play\/wp-content\/uploads\/2025\/01\/logo_taisso2.png","width":483,"height":397,"caption":"FERTBRA"},"image":{"@id":"https:\/\/radiotaisso.com.br\/play\/#\/schema\/logo\/image\/"},"sameAs":["https:\/\/www.facebook.com\/RadioTaissodoBrasil","https:\/\/www.instagram.com\/federacaoderadiotaissodobrasil","https:\/\/www.youtube.com\/@FederacaoRadioTaissodoBrasil"]},{"@type":"Person","@id":"https:\/\/radiotaisso.com.br\/play\/#\/schema\/person\/bc7a568875ab6d6fd6456d59ccda3e12","name":"Direto da Reda\u00e7\u00e3o","image":{"@type":"ImageObject","inLanguage":"en-US","@id":"https:\/\/radiotaisso.com.br\/play\/#\/schema\/person\/image\/","url":"https:\/\/secure.gravatar.com\/avatar\/c61db01ab541ef3ceacbd00f9d7ac7bc7201d6a9ab06f49b03dc9f4b3e201303?s=96&d=mm&r=g","contentUrl":"https:\/\/secure.gravatar.com\/avatar\/c61db01ab541ef3ceacbd00f9d7ac7bc7201d6a9ab06f49b03dc9f4b3e201303?s=96&d=mm&r=g","caption":"Direto da Reda\u00e7\u00e3o"},"sameAs":["http:\/\/radiotaisso.com.br\/play"],"url":"https:\/\/radiotaisso.com.br\/play\/index.php\/author\/digiacomoprodutoragmail-com\/"}]}},"_links":{"self":[{"href":"https:\/\/radiotaisso.com.br\/play\/index.php\/wp-json\/wp\/v2\/posts\/341","targetHints":{"allow":["GET"]}}],"collection":[{"href":"https:\/\/radiotaisso.com.br\/play\/index.php\/wp-json\/wp\/v2\/posts"}],"about":[{"href":"https:\/\/radiotaisso.com.br\/play\/index.php\/wp-json\/wp\/v2\/types\/post"}],"author":[{"embeddable":true,"href":"https:\/\/radiotaisso.com.br\/play\/index.php\/wp-json\/wp\/v2\/users\/1"}],"replies":[{"embeddable":true,"href":"https:\/\/radiotaisso.com.br\/play\/index.php\/wp-json\/wp\/v2\/comments?post=341"}],"version-history":[{"count":3,"href":"https:\/\/radiotaisso.com.br\/play\/index.php\/wp-json\/wp\/v2\/posts\/341\/revisions"}],"predecessor-version":[{"id":351,"href":"https:\/\/radiotaisso.com.br\/play\/index.php\/wp-json\/wp\/v2\/posts\/341\/revisions\/351"}],"wp:featuredmedia":[{"embeddable":true,"href":"https:\/\/radiotaisso.com.br\/play\/index.php\/wp-json\/wp\/v2\/media\/343"}],"wp:attachment":[{"href":"https:\/\/radiotaisso.com.br\/play\/index.php\/wp-json\/wp\/v2\/media?parent=341"}],"wp:term":[{"taxonomy":"category","embeddable":true,"href":"https:\/\/radiotaisso.com.br\/play\/index.php\/wp-json\/wp\/v2\/categories?post=341"},{"taxonomy":"post_tag","embeddable":true,"href":"https:\/\/radiotaisso.com.br\/play\/index.php\/wp-json\/wp\/v2\/tags?post=341"}],"curies":[{"name":"wp","href":"https:\/\/api.w.org\/{rel}","templated":true}]}}