{"id":402,"date":"2025-01-06T13:23:17","date_gmt":"2025-01-06T16:23:17","guid":{"rendered":"https:\/\/radiotaisso.com.br\/play\/?p=402"},"modified":"2025-01-06T13:29:28","modified_gmt":"2025-01-06T16:29:28","slug":"402","status":"publish","type":"post","link":"https:\/\/radiotaisso.com.br\/play\/index.php\/2025\/01\/06\/402\/","title":{"rendered":"Interc\u00e2mbio Cultural Brasil-Jap\u00e3o"},"content":{"rendered":"\n<p>11\/07\/2017 &#8211; Interc\u00e2mbio Cultural Brasil-Jap\u00e3o &#8211; Setor Esportivo. Reuni\u00e3o entre Diretoria da Fertbra juntamente com professores do Jap\u00e3o e com os Conselheiros do Conselho Regional de Educa\u00e7\u00e3o F\u00edsica SP 4.<br><br><\/p>\n\n\n\n<figure data-wp-context=\"{&quot;imageId&quot;:&quot;69f19bcb27a93&quot;}\" data-wp-interactive=\"core\/image\" data-wp-key=\"69f19bcb27a93\" class=\"wp-block-image size-full wp-lightbox-container\"><img fetchpriority=\"high\" decoding=\"async\" width=\"696\" height=\"425\" data-wp-class--hide=\"state.isContentHidden\" data-wp-class--show=\"state.isContentVisible\" data-wp-init=\"callbacks.setButtonStyles\" data-wp-on--click=\"actions.showLightbox\" data-wp-on--load=\"callbacks.setButtonStyles\" data-wp-on-window--resize=\"callbacks.setButtonStyles\" src=\"https:\/\/radiotaisso.com.br\/play\/wp-content\/uploads\/2025\/01\/110.jpg\" alt=\"\" class=\"wp-image-403\" srcset=\"https:\/\/radiotaisso.com.br\/play\/wp-content\/uploads\/2025\/01\/110.jpg 696w, https:\/\/radiotaisso.com.br\/play\/wp-content\/uploads\/2025\/01\/110-300x183.jpg 300w\" sizes=\"(max-width: 696px) 100vw, 696px\" \/><button\n\t\t\tclass=\"lightbox-trigger\"\n\t\t\ttype=\"button\"\n\t\t\taria-haspopup=\"dialog\"\n\t\t\taria-label=\"Enlarge\"\n\t\t\tdata-wp-init=\"callbacks.initTriggerButton\"\n\t\t\tdata-wp-on--click=\"actions.showLightbox\"\n\t\t\tdata-wp-style--right=\"state.imageButtonRight\"\n\t\t\tdata-wp-style--top=\"state.imageButtonTop\"\n\t\t>\n\t\t\t<svg xmlns=\"http:\/\/www.w3.org\/2000\/svg\" width=\"12\" height=\"12\" fill=\"none\" viewBox=\"0 0 12 12\">\n\t\t\t\t<path fill=\"#fff\" d=\"M2 0a2 2 0 0 0-2 2v2h1.5V2a.5.5 0 0 1 .5-.5h2V0H2Zm2 10.5H2a.5.5 0 0 1-.5-.5V8H0v2a2 2 0 0 0 2 2h2v-1.5ZM8 12v-1.5h2a.5.5 0 0 0 .5-.5V8H12v2a2 2 0 0 1-2 2H8Zm2-12a2 2 0 0 1 2 2v2h-1.5V2a.5.5 0 0 0-.5-.5H8V0h2Z\" \/>\n\t\t\t<\/svg>\n\t\t<\/button><figcaption class=\"wp-element-caption\">Professor Toshihiko Aoyama.<\/figcaption><\/figure>\n\n\n\n<figure data-wp-context=\"{&quot;imageId&quot;:&quot;69f19bcb283f2&quot;}\" data-wp-interactive=\"core\/image\" data-wp-key=\"69f19bcb283f2\" class=\"wp-block-image size-full wp-lightbox-container\"><img decoding=\"async\" width=\"721\" height=\"440\" data-wp-class--hide=\"state.isContentHidden\" data-wp-class--show=\"state.isContentVisible\" data-wp-init=\"callbacks.setButtonStyles\" data-wp-on--click=\"actions.showLightbox\" data-wp-on--load=\"callbacks.setButtonStyles\" data-wp-on-window--resize=\"callbacks.setButtonStyles\" src=\"https:\/\/radiotaisso.com.br\/play\/wp-content\/uploads\/2025\/01\/111.jpg\" alt=\"\" class=\"wp-image-404\" srcset=\"https:\/\/radiotaisso.com.br\/play\/wp-content\/uploads\/2025\/01\/111.jpg 721w, https:\/\/radiotaisso.com.br\/play\/wp-content\/uploads\/2025\/01\/111-300x183.jpg 300w\" sizes=\"(max-width: 721px) 100vw, 721px\" \/><button\n\t\t\tclass=\"lightbox-trigger\"\n\t\t\ttype=\"button\"\n\t\t\taria-haspopup=\"dialog\"\n\t\t\taria-label=\"Enlarge\"\n\t\t\tdata-wp-init=\"callbacks.initTriggerButton\"\n\t\t\tdata-wp-on--click=\"actions.showLightbox\"\n\t\t\tdata-wp-style--right=\"state.imageButtonRight\"\n\t\t\tdata-wp-style--top=\"state.imageButtonTop\"\n\t\t>\n\t\t\t<svg xmlns=\"http:\/\/www.w3.org\/2000\/svg\" width=\"12\" height=\"12\" fill=\"none\" viewBox=\"0 0 12 12\">\n\t\t\t\t<path fill=\"#fff\" d=\"M2 0a2 2 0 0 0-2 2v2h1.5V2a.5.5 0 0 1 .5-.5h2V0H2Zm2 10.5H2a.5.5 0 0 1-.5-.5V8H0v2a2 2 0 0 0 2 2h2v-1.5ZM8 12v-1.5h2a.5.5 0 0 0 .5-.5V8H12v2a2 2 0 0 1-2 2H8Zm2-12a2 2 0 0 1 2 2v2h-1.5V2a.5.5 0 0 0-.5-.5H8V0h2Z\" \/>\n\t\t\t<\/svg>\n\t\t<\/button><figcaption class=\"wp-element-caption\">Representante da \u201cSport of Tomorrow\u201d , Miho Harada.<\/figcaption><\/figure>\n\n\n\n<figure data-wp-context=\"{&quot;imageId&quot;:&quot;69f19bcb28a69&quot;}\" data-wp-interactive=\"core\/image\" data-wp-key=\"69f19bcb28a69\" class=\"wp-block-image size-full wp-lightbox-container\"><img decoding=\"async\" width=\"826\" height=\"508\" data-wp-class--hide=\"state.isContentHidden\" data-wp-class--show=\"state.isContentVisible\" data-wp-init=\"callbacks.setButtonStyles\" data-wp-on--click=\"actions.showLightbox\" data-wp-on--load=\"callbacks.setButtonStyles\" data-wp-on-window--resize=\"callbacks.setButtonStyles\" src=\"https:\/\/radiotaisso.com.br\/play\/wp-content\/uploads\/2025\/01\/112.jpg\" alt=\"\" class=\"wp-image-405\" srcset=\"https:\/\/radiotaisso.com.br\/play\/wp-content\/uploads\/2025\/01\/112.jpg 826w, https:\/\/radiotaisso.com.br\/play\/wp-content\/uploads\/2025\/01\/112-300x185.jpg 300w, https:\/\/radiotaisso.com.br\/play\/wp-content\/uploads\/2025\/01\/112-768x472.jpg 768w\" sizes=\"(max-width: 826px) 100vw, 826px\" \/><button\n\t\t\tclass=\"lightbox-trigger\"\n\t\t\ttype=\"button\"\n\t\t\taria-haspopup=\"dialog\"\n\t\t\taria-label=\"Enlarge\"\n\t\t\tdata-wp-init=\"callbacks.initTriggerButton\"\n\t\t\tdata-wp-on--click=\"actions.showLightbox\"\n\t\t\tdata-wp-style--right=\"state.imageButtonRight\"\n\t\t\tdata-wp-style--top=\"state.imageButtonTop\"\n\t\t>\n\t\t\t<svg xmlns=\"http:\/\/www.w3.org\/2000\/svg\" width=\"12\" height=\"12\" fill=\"none\" viewBox=\"0 0 12 12\">\n\t\t\t\t<path fill=\"#fff\" d=\"M2 0a2 2 0 0 0-2 2v2h1.5V2a.5.5 0 0 1 .5-.5h2V0H2Zm2 10.5H2a.5.5 0 0 1-.5-.5V8H0v2a2 2 0 0 0 2 2h2v-1.5ZM8 12v-1.5h2a.5.5 0 0 0 .5-.5V8H12v2a2 2 0 0 1-2 2H8Zm2-12a2 2 0 0 1 2 2v2h-1.5V2a.5.5 0 0 0-.5-.5H8V0h2Z\" \/>\n\t\t\t<\/svg>\n\t\t<\/button><figcaption class=\"wp-element-caption\">Participantes do encontro.<\/figcaption><\/figure>\n","protected":false},"excerpt":{"rendered":"<p>11\/07\/2017 &#8211; Interc\u00e2mbio Cultural Brasil-Jap\u00e3o &#8211; Setor Esportivo. Reuni\u00e3o entre Diretoria da Fertbra juntamente com professores do Jap\u00e3o e com os Conselheiros do Conselho Regional de Educa\u00e7\u00e3o F\u00edsica SP 4.<\/p>\n","protected":false},"author":1,"featured_media":406,"comment_status":"open","ping_status":"open","sticky":false,"template":"","format":"standard","meta":{"footnotes":""},"categories":[1],"tags":[101,119,117,72,106,120,77],"class_list":["post-402","post","type-post","status-publish","format-standard","has-post-thumbnail","hentry","category-noticias","tag-101","tag-conselheiros-do-conselho-regional-de-educacao-fisica","tag-intercambio-cultural","tag-japao","tag-miho-harada","tag-setor-esportivo","tag-toshihiko-aoyama"],"yoast_head":"<!-- This site is optimized with the Yoast SEO plugin v27.1.1 - https:\/\/yoast.com\/product\/yoast-seo-wordpress\/ -->\n<title>Interc\u00e2mbio Cultural Brasil-Jap\u00e3o - Federa\u00e7\u00e3o de R\u00e1dio Taiss\u00f4 do Brasil<\/title>\n<meta name=\"robots\" content=\"index, follow, max-snippet:-1, max-image-preview:large, max-video-preview:-1\" \/>\n<link rel=\"canonical\" href=\"https:\/\/radiotaisso.com.br\/play\/index.php\/2025\/01\/06\/402\/\" \/>\n<meta property=\"og:locale\" content=\"en_US\" \/>\n<meta property=\"og:type\" content=\"article\" \/>\n<meta property=\"og:title\" content=\"Interc\u00e2mbio Cultural Brasil-Jap\u00e3o - Federa\u00e7\u00e3o de R\u00e1dio Taiss\u00f4 do Brasil\" \/>\n<meta property=\"og:description\" content=\"11\/07\/2017 &#8211; Interc\u00e2mbio Cultural Brasil-Jap\u00e3o &#8211; Setor Esportivo. Reuni\u00e3o entre Diretoria da Fertbra juntamente com professores do Jap\u00e3o e com os Conselheiros do Conselho Regional de Educa\u00e7\u00e3o F\u00edsica SP 4.\" \/>\n<meta property=\"og:url\" content=\"https:\/\/radiotaisso.com.br\/play\/index.php\/2025\/01\/06\/402\/\" \/>\n<meta property=\"og:site_name\" content=\"Federa\u00e7\u00e3o de R\u00e1dio Taiss\u00f4 do Brasil\" \/>\n<meta property=\"article:publisher\" content=\"https:\/\/www.facebook.com\/RadioTaissodoBrasil\" \/>\n<meta property=\"article:published_time\" content=\"2025-01-06T16:23:17+00:00\" \/>\n<meta property=\"article:modified_time\" content=\"2025-01-06T16:29:28+00:00\" \/>\n<meta property=\"og:image\" content=\"https:\/\/radiotaisso.com.br\/play\/wp-content\/uploads\/2025\/01\/109.jpg\" \/>\n\t<meta property=\"og:image:width\" content=\"623\" \/>\n\t<meta property=\"og:image:height\" content=\"374\" \/>\n\t<meta property=\"og:image:type\" content=\"image\/jpeg\" \/>\n<meta name=\"author\" content=\"Direto da Reda\u00e7\u00e3o\" \/>\n<meta name=\"twitter:card\" content=\"summary_large_image\" \/>\n<meta name=\"twitter:label1\" content=\"Written by\" \/>\n\t<meta name=\"twitter:data1\" content=\"Direto da Reda\u00e7\u00e3o\" \/>\n<script type=\"application\/ld+json\" class=\"yoast-schema-graph\">{\"@context\":\"https:\/\/schema.org\",\"@graph\":[{\"@type\":\"Article\",\"@id\":\"https:\/\/radiotaisso.com.br\/play\/index.php\/2025\/01\/06\/402\/#article\",\"isPartOf\":{\"@id\":\"https:\/\/radiotaisso.com.br\/play\/index.php\/2025\/01\/06\/402\/\"},\"author\":{\"name\":\"Direto da Reda\u00e7\u00e3o\",\"@id\":\"https:\/\/radiotaisso.com.br\/play\/#\/schema\/person\/bc7a568875ab6d6fd6456d59ccda3e12\"},\"headline\":\"Interc\u00e2mbio Cultural Brasil-Jap\u00e3o\",\"datePublished\":\"2025-01-06T16:23:17+00:00\",\"dateModified\":\"2025-01-06T16:29:28+00:00\",\"mainEntityOfPage\":{\"@id\":\"https:\/\/radiotaisso.com.br\/play\/index.php\/2025\/01\/06\/402\/\"},\"wordCount\":52,\"commentCount\":0,\"publisher\":{\"@id\":\"https:\/\/radiotaisso.com.br\/play\/#organization\"},\"image\":{\"@id\":\"https:\/\/radiotaisso.com.br\/play\/index.php\/2025\/01\/06\/402\/#primaryimage\"},\"thumbnailUrl\":\"https:\/\/radiotaisso.com.br\/play\/wp-content\/uploads\/2025\/01\/109.jpg\",\"keywords\":[\"2017\",\"Conselheiros do Conselho Regional de Educa\u00e7\u00e3o F\u00edsica\",\"Interc\u00e2mbio Cultural\",\"Jap\u00e3o\",\"Miho Harada\",\"Setor Esportivo\",\"Toshihiko Aoyama\"],\"articleSection\":[\"Not\u00edcias\"],\"inLanguage\":\"en-US\",\"potentialAction\":[{\"@type\":\"CommentAction\",\"name\":\"Comment\",\"target\":[\"https:\/\/radiotaisso.com.br\/play\/index.php\/2025\/01\/06\/402\/#respond\"]}]},{\"@type\":\"WebPage\",\"@id\":\"https:\/\/radiotaisso.com.br\/play\/index.php\/2025\/01\/06\/402\/\",\"url\":\"https:\/\/radiotaisso.com.br\/play\/index.php\/2025\/01\/06\/402\/\",\"name\":\"Interc\u00e2mbio Cultural Brasil-Jap\u00e3o - Federa\u00e7\u00e3o de R\u00e1dio Taiss\u00f4 do Brasil\",\"isPartOf\":{\"@id\":\"https:\/\/radiotaisso.com.br\/play\/#website\"},\"primaryImageOfPage\":{\"@id\":\"https:\/\/radiotaisso.com.br\/play\/index.php\/2025\/01\/06\/402\/#primaryimage\"},\"image\":{\"@id\":\"https:\/\/radiotaisso.com.br\/play\/index.php\/2025\/01\/06\/402\/#primaryimage\"},\"thumbnailUrl\":\"https:\/\/radiotaisso.com.br\/play\/wp-content\/uploads\/2025\/01\/109.jpg\",\"datePublished\":\"2025-01-06T16:23:17+00:00\",\"dateModified\":\"2025-01-06T16:29:28+00:00\",\"breadcrumb\":{\"@id\":\"https:\/\/radiotaisso.com.br\/play\/index.php\/2025\/01\/06\/402\/#breadcrumb\"},\"inLanguage\":\"en-US\",\"potentialAction\":[{\"@type\":\"ReadAction\",\"target\":[\"https:\/\/radiotaisso.com.br\/play\/index.php\/2025\/01\/06\/402\/\"]}]},{\"@type\":\"ImageObject\",\"inLanguage\":\"en-US\",\"@id\":\"https:\/\/radiotaisso.com.br\/play\/index.php\/2025\/01\/06\/402\/#primaryimage\",\"url\":\"https:\/\/radiotaisso.com.br\/play\/wp-content\/uploads\/2025\/01\/109.jpg\",\"contentUrl\":\"https:\/\/radiotaisso.com.br\/play\/wp-content\/uploads\/2025\/01\/109.jpg\",\"width\":623,\"height\":374},{\"@type\":\"BreadcrumbList\",\"@id\":\"https:\/\/radiotaisso.com.br\/play\/index.php\/2025\/01\/06\/402\/#breadcrumb\",\"itemListElement\":[{\"@type\":\"ListItem\",\"position\":1,\"name\":\"In\u00edcio\",\"item\":\"https:\/\/radiotaisso.com.br\/play\/\"},{\"@type\":\"ListItem\",\"position\":2,\"name\":\"Interc\u00e2mbio Cultural Brasil-Jap\u00e3o\"}]},{\"@type\":\"WebSite\",\"@id\":\"https:\/\/radiotaisso.com.br\/play\/#website\",\"url\":\"https:\/\/radiotaisso.com.br\/play\/\",\"name\":\"Federa\u00e7\u00e3o de R\u00e1dio Taiss\u00f4 do Brasil\",\"description\":\"Federa\u00e7\u00e3o de R\u00e1dio Taiss\u00f4 do Brasil \",\"publisher\":{\"@id\":\"https:\/\/radiotaisso.com.br\/play\/#organization\"},\"potentialAction\":[{\"@type\":\"SearchAction\",\"target\":{\"@type\":\"EntryPoint\",\"urlTemplate\":\"https:\/\/radiotaisso.com.br\/play\/?s={search_term_string}\"},\"query-input\":{\"@type\":\"PropertyValueSpecification\",\"valueRequired\":true,\"valueName\":\"search_term_string\"}}],\"inLanguage\":\"en-US\"},{\"@type\":\"Organization\",\"@id\":\"https:\/\/radiotaisso.com.br\/play\/#organization\",\"name\":\"FERTBRA\",\"url\":\"https:\/\/radiotaisso.com.br\/play\/\",\"logo\":{\"@type\":\"ImageObject\",\"inLanguage\":\"en-US\",\"@id\":\"https:\/\/radiotaisso.com.br\/play\/#\/schema\/logo\/image\/\",\"url\":\"https:\/\/radiotaisso.com.br\/play\/wp-content\/uploads\/2025\/01\/logo_taisso2.png\",\"contentUrl\":\"https:\/\/radiotaisso.com.br\/play\/wp-content\/uploads\/2025\/01\/logo_taisso2.png\",\"width\":483,\"height\":397,\"caption\":\"FERTBRA\"},\"image\":{\"@id\":\"https:\/\/radiotaisso.com.br\/play\/#\/schema\/logo\/image\/\"},\"sameAs\":[\"https:\/\/www.facebook.com\/RadioTaissodoBrasil\",\"https:\/\/www.instagram.com\/federacaoderadiotaissodobrasil\",\"https:\/\/www.youtube.com\/@FederacaoRadioTaissodoBrasil\"]},{\"@type\":\"Person\",\"@id\":\"https:\/\/radiotaisso.com.br\/play\/#\/schema\/person\/bc7a568875ab6d6fd6456d59ccda3e12\",\"name\":\"Direto da Reda\u00e7\u00e3o\",\"image\":{\"@type\":\"ImageObject\",\"inLanguage\":\"en-US\",\"@id\":\"https:\/\/radiotaisso.com.br\/play\/#\/schema\/person\/image\/\",\"url\":\"https:\/\/secure.gravatar.com\/avatar\/c61db01ab541ef3ceacbd00f9d7ac7bc7201d6a9ab06f49b03dc9f4b3e201303?s=96&d=mm&r=g\",\"contentUrl\":\"https:\/\/secure.gravatar.com\/avatar\/c61db01ab541ef3ceacbd00f9d7ac7bc7201d6a9ab06f49b03dc9f4b3e201303?s=96&d=mm&r=g\",\"caption\":\"Direto da Reda\u00e7\u00e3o\"},\"sameAs\":[\"http:\/\/radiotaisso.com.br\/play\"],\"url\":\"https:\/\/radiotaisso.com.br\/play\/index.php\/author\/digiacomoprodutoragmail-com\/\"}]}<\/script>\n<!-- \/ Yoast SEO plugin. -->","yoast_head_json":{"title":"Interc\u00e2mbio Cultural Brasil-Jap\u00e3o - Federa\u00e7\u00e3o de R\u00e1dio Taiss\u00f4 do Brasil","robots":{"index":"index","follow":"follow","max-snippet":"max-snippet:-1","max-image-preview":"max-image-preview:large","max-video-preview":"max-video-preview:-1"},"canonical":"https:\/\/radiotaisso.com.br\/play\/index.php\/2025\/01\/06\/402\/","og_locale":"en_US","og_type":"article","og_title":"Interc\u00e2mbio Cultural Brasil-Jap\u00e3o - Federa\u00e7\u00e3o de R\u00e1dio Taiss\u00f4 do Brasil","og_description":"11\/07\/2017 &#8211; Interc\u00e2mbio Cultural Brasil-Jap\u00e3o &#8211; Setor Esportivo. Reuni\u00e3o entre Diretoria da Fertbra juntamente com professores do Jap\u00e3o e com os Conselheiros do Conselho Regional de Educa\u00e7\u00e3o F\u00edsica SP 4.","og_url":"https:\/\/radiotaisso.com.br\/play\/index.php\/2025\/01\/06\/402\/","og_site_name":"Federa\u00e7\u00e3o de R\u00e1dio Taiss\u00f4 do Brasil","article_publisher":"https:\/\/www.facebook.com\/RadioTaissodoBrasil","article_published_time":"2025-01-06T16:23:17+00:00","article_modified_time":"2025-01-06T16:29:28+00:00","og_image":[{"width":623,"height":374,"url":"https:\/\/radiotaisso.com.br\/play\/wp-content\/uploads\/2025\/01\/109.jpg","type":"image\/jpeg"}],"author":"Direto da Reda\u00e7\u00e3o","twitter_card":"summary_large_image","twitter_misc":{"Written by":"Direto da Reda\u00e7\u00e3o"},"schema":{"@context":"https:\/\/schema.org","@graph":[{"@type":"Article","@id":"https:\/\/radiotaisso.com.br\/play\/index.php\/2025\/01\/06\/402\/#article","isPartOf":{"@id":"https:\/\/radiotaisso.com.br\/play\/index.php\/2025\/01\/06\/402\/"},"author":{"name":"Direto da Reda\u00e7\u00e3o","@id":"https:\/\/radiotaisso.com.br\/play\/#\/schema\/person\/bc7a568875ab6d6fd6456d59ccda3e12"},"headline":"Interc\u00e2mbio Cultural Brasil-Jap\u00e3o","datePublished":"2025-01-06T16:23:17+00:00","dateModified":"2025-01-06T16:29:28+00:00","mainEntityOfPage":{"@id":"https:\/\/radiotaisso.com.br\/play\/index.php\/2025\/01\/06\/402\/"},"wordCount":52,"commentCount":0,"publisher":{"@id":"https:\/\/radiotaisso.com.br\/play\/#organization"},"image":{"@id":"https:\/\/radiotaisso.com.br\/play\/index.php\/2025\/01\/06\/402\/#primaryimage"},"thumbnailUrl":"https:\/\/radiotaisso.com.br\/play\/wp-content\/uploads\/2025\/01\/109.jpg","keywords":["2017","Conselheiros do Conselho Regional de Educa\u00e7\u00e3o F\u00edsica","Interc\u00e2mbio Cultural","Jap\u00e3o","Miho Harada","Setor Esportivo","Toshihiko Aoyama"],"articleSection":["Not\u00edcias"],"inLanguage":"en-US","potentialAction":[{"@type":"CommentAction","name":"Comment","target":["https:\/\/radiotaisso.com.br\/play\/index.php\/2025\/01\/06\/402\/#respond"]}]},{"@type":"WebPage","@id":"https:\/\/radiotaisso.com.br\/play\/index.php\/2025\/01\/06\/402\/","url":"https:\/\/radiotaisso.com.br\/play\/index.php\/2025\/01\/06\/402\/","name":"Interc\u00e2mbio Cultural Brasil-Jap\u00e3o - Federa\u00e7\u00e3o de R\u00e1dio Taiss\u00f4 do Brasil","isPartOf":{"@id":"https:\/\/radiotaisso.com.br\/play\/#website"},"primaryImageOfPage":{"@id":"https:\/\/radiotaisso.com.br\/play\/index.php\/2025\/01\/06\/402\/#primaryimage"},"image":{"@id":"https:\/\/radiotaisso.com.br\/play\/index.php\/2025\/01\/06\/402\/#primaryimage"},"thumbnailUrl":"https:\/\/radiotaisso.com.br\/play\/wp-content\/uploads\/2025\/01\/109.jpg","datePublished":"2025-01-06T16:23:17+00:00","dateModified":"2025-01-06T16:29:28+00:00","breadcrumb":{"@id":"https:\/\/radiotaisso.com.br\/play\/index.php\/2025\/01\/06\/402\/#breadcrumb"},"inLanguage":"en-US","potentialAction":[{"@type":"ReadAction","target":["https:\/\/radiotaisso.com.br\/play\/index.php\/2025\/01\/06\/402\/"]}]},{"@type":"ImageObject","inLanguage":"en-US","@id":"https:\/\/radiotaisso.com.br\/play\/index.php\/2025\/01\/06\/402\/#primaryimage","url":"https:\/\/radiotaisso.com.br\/play\/wp-content\/uploads\/2025\/01\/109.jpg","contentUrl":"https:\/\/radiotaisso.com.br\/play\/wp-content\/uploads\/2025\/01\/109.jpg","width":623,"height":374},{"@type":"BreadcrumbList","@id":"https:\/\/radiotaisso.com.br\/play\/index.php\/2025\/01\/06\/402\/#breadcrumb","itemListElement":[{"@type":"ListItem","position":1,"name":"In\u00edcio","item":"https:\/\/radiotaisso.com.br\/play\/"},{"@type":"ListItem","position":2,"name":"Interc\u00e2mbio Cultural Brasil-Jap\u00e3o"}]},{"@type":"WebSite","@id":"https:\/\/radiotaisso.com.br\/play\/#website","url":"https:\/\/radiotaisso.com.br\/play\/","name":"Federa\u00e7\u00e3o de R\u00e1dio Taiss\u00f4 do Brasil","description":"Federa\u00e7\u00e3o de R\u00e1dio Taiss\u00f4 do Brasil ","publisher":{"@id":"https:\/\/radiotaisso.com.br\/play\/#organization"},"potentialAction":[{"@type":"SearchAction","target":{"@type":"EntryPoint","urlTemplate":"https:\/\/radiotaisso.com.br\/play\/?s={search_term_string}"},"query-input":{"@type":"PropertyValueSpecification","valueRequired":true,"valueName":"search_term_string"}}],"inLanguage":"en-US"},{"@type":"Organization","@id":"https:\/\/radiotaisso.com.br\/play\/#organization","name":"FERTBRA","url":"https:\/\/radiotaisso.com.br\/play\/","logo":{"@type":"ImageObject","inLanguage":"en-US","@id":"https:\/\/radiotaisso.com.br\/play\/#\/schema\/logo\/image\/","url":"https:\/\/radiotaisso.com.br\/play\/wp-content\/uploads\/2025\/01\/logo_taisso2.png","contentUrl":"https:\/\/radiotaisso.com.br\/play\/wp-content\/uploads\/2025\/01\/logo_taisso2.png","width":483,"height":397,"caption":"FERTBRA"},"image":{"@id":"https:\/\/radiotaisso.com.br\/play\/#\/schema\/logo\/image\/"},"sameAs":["https:\/\/www.facebook.com\/RadioTaissodoBrasil","https:\/\/www.instagram.com\/federacaoderadiotaissodobrasil","https:\/\/www.youtube.com\/@FederacaoRadioTaissodoBrasil"]},{"@type":"Person","@id":"https:\/\/radiotaisso.com.br\/play\/#\/schema\/person\/bc7a568875ab6d6fd6456d59ccda3e12","name":"Direto da Reda\u00e7\u00e3o","image":{"@type":"ImageObject","inLanguage":"en-US","@id":"https:\/\/radiotaisso.com.br\/play\/#\/schema\/person\/image\/","url":"https:\/\/secure.gravatar.com\/avatar\/c61db01ab541ef3ceacbd00f9d7ac7bc7201d6a9ab06f49b03dc9f4b3e201303?s=96&d=mm&r=g","contentUrl":"https:\/\/secure.gravatar.com\/avatar\/c61db01ab541ef3ceacbd00f9d7ac7bc7201d6a9ab06f49b03dc9f4b3e201303?s=96&d=mm&r=g","caption":"Direto da Reda\u00e7\u00e3o"},"sameAs":["http:\/\/radiotaisso.com.br\/play"],"url":"https:\/\/radiotaisso.com.br\/play\/index.php\/author\/digiacomoprodutoragmail-com\/"}]}},"_links":{"self":[{"href":"https:\/\/radiotaisso.com.br\/play\/index.php\/wp-json\/wp\/v2\/posts\/402","targetHints":{"allow":["GET"]}}],"collection":[{"href":"https:\/\/radiotaisso.com.br\/play\/index.php\/wp-json\/wp\/v2\/posts"}],"about":[{"href":"https:\/\/radiotaisso.com.br\/play\/index.php\/wp-json\/wp\/v2\/types\/post"}],"author":[{"embeddable":true,"href":"https:\/\/radiotaisso.com.br\/play\/index.php\/wp-json\/wp\/v2\/users\/1"}],"replies":[{"embeddable":true,"href":"https:\/\/radiotaisso.com.br\/play\/index.php\/wp-json\/wp\/v2\/comments?post=402"}],"version-history":[{"count":4,"href":"https:\/\/radiotaisso.com.br\/play\/index.php\/wp-json\/wp\/v2\/posts\/402\/revisions"}],"predecessor-version":[{"id":411,"href":"https:\/\/radiotaisso.com.br\/play\/index.php\/wp-json\/wp\/v2\/posts\/402\/revisions\/411"}],"wp:featuredmedia":[{"embeddable":true,"href":"https:\/\/radiotaisso.com.br\/play\/index.php\/wp-json\/wp\/v2\/media\/406"}],"wp:attachment":[{"href":"https:\/\/radiotaisso.com.br\/play\/index.php\/wp-json\/wp\/v2\/media?parent=402"}],"wp:term":[{"taxonomy":"category","embeddable":true,"href":"https:\/\/radiotaisso.com.br\/play\/index.php\/wp-json\/wp\/v2\/categories?post=402"},{"taxonomy":"post_tag","embeddable":true,"href":"https:\/\/radiotaisso.com.br\/play\/index.php\/wp-json\/wp\/v2\/tags?post=402"}],"curies":[{"name":"wp","href":"https:\/\/api.w.org\/{rel}","templated":true}]}}