{"id":827,"date":"2025-01-08T14:33:59","date_gmt":"2025-01-08T17:33:59","guid":{"rendered":"https:\/\/radiotaisso.com.br\/play\/?p=827"},"modified":"2025-01-08T14:33:59","modified_gmt":"2025-01-08T17:33:59","slug":"39a-assembleia-geral-ordinaria","status":"publish","type":"post","link":"https:\/\/radiotaisso.com.br\/play\/index.php\/2025\/01\/08\/39a-assembleia-geral-ordinaria\/","title":{"rendered":"39\u00aa Assembl\u00e9ia Geral Ordin\u00e1ria"},"content":{"rendered":"\n<p>Dia 05\/03\/2023 \u00e0s 10:00 hrs. 39\u00aa Assembl\u00e9ia Geral Ordin\u00e1ria da Federa\u00e7\u00e3o de R\u00e1dio Taiss\u00f4 do Brasil. Sede da ACAL &#8211; ( Associa\u00e7\u00e3o Cultural Assistencial Liberdade). Eleita a nova Diretoria para o bi\u00eanio 2023 \/ 2024.<br><br><\/p>\n\n\n\n<figure class=\"wp-block-gallery has-nested-images columns-2 is-cropped wp-block-gallery-1 is-layout-flex wp-block-gallery-is-layout-flex\">\n<figure data-wp-context=\"{&quot;imageId&quot;:&quot;69f198d1f2a2d&quot;}\" data-wp-interactive=\"core\/image\" data-wp-key=\"69f198d1f2a2d\" class=\"wp-block-image size-large wp-lightbox-container\"><img fetchpriority=\"high\" decoding=\"async\" width=\"1024\" height=\"693\" data-wp-class--hide=\"state.isContentHidden\" data-wp-class--show=\"state.isContentVisible\" data-wp-init=\"callbacks.setButtonStyles\" data-wp-on--click=\"actions.showLightbox\" data-wp-on--load=\"callbacks.setButtonStyles\" data-wp-on-window--resize=\"callbacks.setButtonStyles\" data-id=\"829\" src=\"https:\/\/radiotaisso.com.br\/play\/wp-content\/uploads\/2025\/01\/334941704_1329125507867967_8085175671820627545_n.jpg\" alt=\"\" class=\"wp-image-829\" srcset=\"https:\/\/radiotaisso.com.br\/play\/wp-content\/uploads\/2025\/01\/334941704_1329125507867967_8085175671820627545_n.jpg 1024w, https:\/\/radiotaisso.com.br\/play\/wp-content\/uploads\/2025\/01\/334941704_1329125507867967_8085175671820627545_n-300x203.jpg 300w, https:\/\/radiotaisso.com.br\/play\/wp-content\/uploads\/2025\/01\/334941704_1329125507867967_8085175671820627545_n-768x520.jpg 768w\" sizes=\"(max-width: 1024px) 100vw, 1024px\" \/><button\n\t\t\tclass=\"lightbox-trigger\"\n\t\t\ttype=\"button\"\n\t\t\taria-haspopup=\"dialog\"\n\t\t\taria-label=\"Enlarge\"\n\t\t\tdata-wp-init=\"callbacks.initTriggerButton\"\n\t\t\tdata-wp-on--click=\"actions.showLightbox\"\n\t\t\tdata-wp-style--right=\"state.imageButtonRight\"\n\t\t\tdata-wp-style--top=\"state.imageButtonTop\"\n\t\t>\n\t\t\t<svg xmlns=\"http:\/\/www.w3.org\/2000\/svg\" width=\"12\" height=\"12\" fill=\"none\" viewBox=\"0 0 12 12\">\n\t\t\t\t<path fill=\"#fff\" d=\"M2 0a2 2 0 0 0-2 2v2h1.5V2a.5.5 0 0 1 .5-.5h2V0H2Zm2 10.5H2a.5.5 0 0 1-.5-.5V8H0v2a2 2 0 0 0 2 2h2v-1.5ZM8 12v-1.5h2a.5.5 0 0 0 .5-.5V8H12v2a2 2 0 0 1-2 2H8Zm2-12a2 2 0 0 1 2 2v2h-1.5V2a.5.5 0 0 0-.5-.5H8V0h2Z\" \/>\n\t\t\t<\/svg>\n\t\t<\/button><\/figure>\n\n\n\n<figure data-wp-context=\"{&quot;imageId&quot;:&quot;69f198d1f34b8&quot;}\" data-wp-interactive=\"core\/image\" data-wp-key=\"69f198d1f34b8\" class=\"wp-block-image size-large wp-lightbox-container\"><img decoding=\"async\" width=\"960\" height=\"612\" data-wp-class--hide=\"state.isContentHidden\" data-wp-class--show=\"state.isContentVisible\" data-wp-init=\"callbacks.setButtonStyles\" data-wp-on--click=\"actions.showLightbox\" data-wp-on--load=\"callbacks.setButtonStyles\" data-wp-on-window--resize=\"callbacks.setButtonStyles\" data-id=\"831\" src=\"https:\/\/radiotaisso.com.br\/play\/wp-content\/uploads\/2025\/01\/334769814_772703367218617_4248964059651259187_n.jpg\" alt=\"\" class=\"wp-image-831\" srcset=\"https:\/\/radiotaisso.com.br\/play\/wp-content\/uploads\/2025\/01\/334769814_772703367218617_4248964059651259187_n.jpg 960w, https:\/\/radiotaisso.com.br\/play\/wp-content\/uploads\/2025\/01\/334769814_772703367218617_4248964059651259187_n-300x191.jpg 300w, https:\/\/radiotaisso.com.br\/play\/wp-content\/uploads\/2025\/01\/334769814_772703367218617_4248964059651259187_n-768x490.jpg 768w\" sizes=\"(max-width: 960px) 100vw, 960px\" \/><button\n\t\t\tclass=\"lightbox-trigger\"\n\t\t\ttype=\"button\"\n\t\t\taria-haspopup=\"dialog\"\n\t\t\taria-label=\"Enlarge\"\n\t\t\tdata-wp-init=\"callbacks.initTriggerButton\"\n\t\t\tdata-wp-on--click=\"actions.showLightbox\"\n\t\t\tdata-wp-style--right=\"state.imageButtonRight\"\n\t\t\tdata-wp-style--top=\"state.imageButtonTop\"\n\t\t>\n\t\t\t<svg xmlns=\"http:\/\/www.w3.org\/2000\/svg\" width=\"12\" height=\"12\" fill=\"none\" viewBox=\"0 0 12 12\">\n\t\t\t\t<path fill=\"#fff\" d=\"M2 0a2 2 0 0 0-2 2v2h1.5V2a.5.5 0 0 1 .5-.5h2V0H2Zm2 10.5H2a.5.5 0 0 1-.5-.5V8H0v2a2 2 0 0 0 2 2h2v-1.5ZM8 12v-1.5h2a.5.5 0 0 0 .5-.5V8H12v2a2 2 0 0 1-2 2H8Zm2-12a2 2 0 0 1 2 2v2h-1.5V2a.5.5 0 0 0-.5-.5H8V0h2Z\" \/>\n\t\t\t<\/svg>\n\t\t<\/button><\/figure>\n\n\n\n<figure data-wp-context=\"{&quot;imageId&quot;:&quot;69f198d1f3e59&quot;}\" data-wp-interactive=\"core\/image\" data-wp-key=\"69f198d1f3e59\" class=\"wp-block-image size-large wp-lightbox-container\"><img decoding=\"async\" width=\"960\" height=\"626\" data-wp-class--hide=\"state.isContentHidden\" data-wp-class--show=\"state.isContentVisible\" data-wp-init=\"callbacks.setButtonStyles\" data-wp-on--click=\"actions.showLightbox\" data-wp-on--load=\"callbacks.setButtonStyles\" data-wp-on-window--resize=\"callbacks.setButtonStyles\" data-id=\"830\" src=\"https:\/\/radiotaisso.com.br\/play\/wp-content\/uploads\/2025\/01\/331292543_1601689730339454_1810703420171128855_n.jpg\" alt=\"\" class=\"wp-image-830\" srcset=\"https:\/\/radiotaisso.com.br\/play\/wp-content\/uploads\/2025\/01\/331292543_1601689730339454_1810703420171128855_n.jpg 960w, https:\/\/radiotaisso.com.br\/play\/wp-content\/uploads\/2025\/01\/331292543_1601689730339454_1810703420171128855_n-300x196.jpg 300w, https:\/\/radiotaisso.com.br\/play\/wp-content\/uploads\/2025\/01\/331292543_1601689730339454_1810703420171128855_n-768x501.jpg 768w\" sizes=\"(max-width: 960px) 100vw, 960px\" \/><button\n\t\t\tclass=\"lightbox-trigger\"\n\t\t\ttype=\"button\"\n\t\t\taria-haspopup=\"dialog\"\n\t\t\taria-label=\"Enlarge\"\n\t\t\tdata-wp-init=\"callbacks.initTriggerButton\"\n\t\t\tdata-wp-on--click=\"actions.showLightbox\"\n\t\t\tdata-wp-style--right=\"state.imageButtonRight\"\n\t\t\tdata-wp-style--top=\"state.imageButtonTop\"\n\t\t>\n\t\t\t<svg xmlns=\"http:\/\/www.w3.org\/2000\/svg\" width=\"12\" height=\"12\" fill=\"none\" viewBox=\"0 0 12 12\">\n\t\t\t\t<path fill=\"#fff\" d=\"M2 0a2 2 0 0 0-2 2v2h1.5V2a.5.5 0 0 1 .5-.5h2V0H2Zm2 10.5H2a.5.5 0 0 1-.5-.5V8H0v2a2 2 0 0 0 2 2h2v-1.5ZM8 12v-1.5h2a.5.5 0 0 0 .5-.5V8H12v2a2 2 0 0 1-2 2H8Zm2-12a2 2 0 0 1 2 2v2h-1.5V2a.5.5 0 0 0-.5-.5H8V0h2Z\" \/>\n\t\t\t<\/svg>\n\t\t<\/button><\/figure>\n<\/figure>\n","protected":false},"excerpt":{"rendered":"<p>Dia 05\/03\/2023 \u00e0s 10:00 hrs. 39\u00aa Assembl\u00e9ia Geral Ordin\u00e1ria da Federa\u00e7\u00e3o de R\u00e1dio Taiss\u00f4 do Brasil. Sede da ACAL &#8211; ( Associa\u00e7\u00e3o Cultural Assistencial Liberdade). Eleita a nova Diretoria para o bi\u00eanio 2023 \/ 2024.<\/p>\n","protected":false},"author":1,"featured_media":828,"comment_status":"open","ping_status":"open","sticky":false,"template":"","format":"standard","meta":{"footnotes":""},"categories":[1],"tags":[245,247,218,248,249],"class_list":["post-827","post","type-post","status-publish","format-standard","has-post-thumbnail","hentry","category-noticias","tag-245","tag-39a-assembleia-geral-ordinaria","tag-acal","tag-bienio-2023-2024","tag-diretoria"],"yoast_head":"<!-- This site is optimized with the Yoast SEO plugin v27.1.1 - https:\/\/yoast.com\/product\/yoast-seo-wordpress\/ -->\n<title>39\u00aa Assembl\u00e9ia Geral Ordin\u00e1ria - Federa\u00e7\u00e3o de R\u00e1dio Taiss\u00f4 do Brasil<\/title>\n<meta name=\"robots\" content=\"index, follow, max-snippet:-1, max-image-preview:large, max-video-preview:-1\" \/>\n<link rel=\"canonical\" href=\"http:\/\/radiotaisso.com.br\/play\/index.php\/2025\/01\/08\/39a-assembleia-geral-ordinaria\/\" \/>\n<meta property=\"og:locale\" content=\"en_US\" \/>\n<meta property=\"og:type\" content=\"article\" \/>\n<meta property=\"og:title\" content=\"39\u00aa Assembl\u00e9ia Geral Ordin\u00e1ria - Federa\u00e7\u00e3o de R\u00e1dio Taiss\u00f4 do Brasil\" \/>\n<meta property=\"og:description\" content=\"Dia 05\/03\/2023 \u00e0s 10:00 hrs. 39\u00aa Assembl\u00e9ia Geral Ordin\u00e1ria da Federa\u00e7\u00e3o de R\u00e1dio Taiss\u00f4 do Brasil. Sede da ACAL &#8211; ( Associa\u00e7\u00e3o Cultural Assistencial Liberdade). Eleita a nova Diretoria para o bi\u00eanio 2023 \/ 2024.\" \/>\n<meta property=\"og:url\" content=\"http:\/\/radiotaisso.com.br\/play\/index.php\/2025\/01\/08\/39a-assembleia-geral-ordinaria\/\" \/>\n<meta property=\"og:site_name\" content=\"Federa\u00e7\u00e3o de R\u00e1dio Taiss\u00f4 do Brasil\" \/>\n<meta property=\"article:publisher\" content=\"https:\/\/www.facebook.com\/RadioTaissodoBrasil\" \/>\n<meta property=\"article:published_time\" content=\"2025-01-08T17:33:59+00:00\" \/>\n<meta property=\"og:image\" content=\"http:\/\/radiotaisso.com.br\/play\/wp-content\/uploads\/2025\/01\/334502177_1254056795494621_3415456578696864377_n.jpg\" \/>\n\t<meta property=\"og:image:width\" content=\"1024\" \/>\n\t<meta property=\"og:image:height\" content=\"693\" \/>\n\t<meta property=\"og:image:type\" content=\"image\/jpeg\" \/>\n<meta name=\"author\" content=\"Direto da Reda\u00e7\u00e3o\" \/>\n<meta name=\"twitter:card\" content=\"summary_large_image\" \/>\n<meta name=\"twitter:label1\" content=\"Written by\" \/>\n\t<meta name=\"twitter:data1\" content=\"Direto da Reda\u00e7\u00e3o\" \/>\n<script type=\"application\/ld+json\" class=\"yoast-schema-graph\">{\"@context\":\"https:\/\/schema.org\",\"@graph\":[{\"@type\":\"Article\",\"@id\":\"http:\/\/radiotaisso.com.br\/play\/index.php\/2025\/01\/08\/39a-assembleia-geral-ordinaria\/#article\",\"isPartOf\":{\"@id\":\"http:\/\/radiotaisso.com.br\/play\/index.php\/2025\/01\/08\/39a-assembleia-geral-ordinaria\/\"},\"author\":{\"name\":\"Direto da Reda\u00e7\u00e3o\",\"@id\":\"https:\/\/radiotaisso.com.br\/play\/#\/schema\/person\/bc7a568875ab6d6fd6456d59ccda3e12\"},\"headline\":\"39\u00aa Assembl\u00e9ia Geral Ordin\u00e1ria\",\"datePublished\":\"2025-01-08T17:33:59+00:00\",\"mainEntityOfPage\":{\"@id\":\"http:\/\/radiotaisso.com.br\/play\/index.php\/2025\/01\/08\/39a-assembleia-geral-ordinaria\/\"},\"wordCount\":39,\"commentCount\":0,\"publisher\":{\"@id\":\"https:\/\/radiotaisso.com.br\/play\/#organization\"},\"image\":{\"@id\":\"http:\/\/radiotaisso.com.br\/play\/index.php\/2025\/01\/08\/39a-assembleia-geral-ordinaria\/#primaryimage\"},\"thumbnailUrl\":\"https:\/\/radiotaisso.com.br\/play\/wp-content\/uploads\/2025\/01\/334502177_1254056795494621_3415456578696864377_n.jpg\",\"keywords\":[\"2023\",\"39\u00aa Assembl\u00e9ia Geral Ordin\u00e1ria\",\"ACAL\",\"bi\u00eanio 2023 \/ 2024\",\"Diretoria\"],\"articleSection\":[\"Not\u00edcias\"],\"inLanguage\":\"en-US\",\"potentialAction\":[{\"@type\":\"CommentAction\",\"name\":\"Comment\",\"target\":[\"http:\/\/radiotaisso.com.br\/play\/index.php\/2025\/01\/08\/39a-assembleia-geral-ordinaria\/#respond\"]}]},{\"@type\":\"WebPage\",\"@id\":\"http:\/\/radiotaisso.com.br\/play\/index.php\/2025\/01\/08\/39a-assembleia-geral-ordinaria\/\",\"url\":\"http:\/\/radiotaisso.com.br\/play\/index.php\/2025\/01\/08\/39a-assembleia-geral-ordinaria\/\",\"name\":\"39\u00aa Assembl\u00e9ia Geral Ordin\u00e1ria - Federa\u00e7\u00e3o de R\u00e1dio Taiss\u00f4 do Brasil\",\"isPartOf\":{\"@id\":\"https:\/\/radiotaisso.com.br\/play\/#website\"},\"primaryImageOfPage\":{\"@id\":\"http:\/\/radiotaisso.com.br\/play\/index.php\/2025\/01\/08\/39a-assembleia-geral-ordinaria\/#primaryimage\"},\"image\":{\"@id\":\"http:\/\/radiotaisso.com.br\/play\/index.php\/2025\/01\/08\/39a-assembleia-geral-ordinaria\/#primaryimage\"},\"thumbnailUrl\":\"https:\/\/radiotaisso.com.br\/play\/wp-content\/uploads\/2025\/01\/334502177_1254056795494621_3415456578696864377_n.jpg\",\"datePublished\":\"2025-01-08T17:33:59+00:00\",\"breadcrumb\":{\"@id\":\"http:\/\/radiotaisso.com.br\/play\/index.php\/2025\/01\/08\/39a-assembleia-geral-ordinaria\/#breadcrumb\"},\"inLanguage\":\"en-US\",\"potentialAction\":[{\"@type\":\"ReadAction\",\"target\":[\"http:\/\/radiotaisso.com.br\/play\/index.php\/2025\/01\/08\/39a-assembleia-geral-ordinaria\/\"]}]},{\"@type\":\"ImageObject\",\"inLanguage\":\"en-US\",\"@id\":\"http:\/\/radiotaisso.com.br\/play\/index.php\/2025\/01\/08\/39a-assembleia-geral-ordinaria\/#primaryimage\",\"url\":\"https:\/\/radiotaisso.com.br\/play\/wp-content\/uploads\/2025\/01\/334502177_1254056795494621_3415456578696864377_n.jpg\",\"contentUrl\":\"https:\/\/radiotaisso.com.br\/play\/wp-content\/uploads\/2025\/01\/334502177_1254056795494621_3415456578696864377_n.jpg\",\"width\":1024,\"height\":693},{\"@type\":\"BreadcrumbList\",\"@id\":\"http:\/\/radiotaisso.com.br\/play\/index.php\/2025\/01\/08\/39a-assembleia-geral-ordinaria\/#breadcrumb\",\"itemListElement\":[{\"@type\":\"ListItem\",\"position\":1,\"name\":\"In\u00edcio\",\"item\":\"https:\/\/radiotaisso.com.br\/play\/\"},{\"@type\":\"ListItem\",\"position\":2,\"name\":\"39\u00aa Assembl\u00e9ia Geral Ordin\u00e1ria\"}]},{\"@type\":\"WebSite\",\"@id\":\"https:\/\/radiotaisso.com.br\/play\/#website\",\"url\":\"https:\/\/radiotaisso.com.br\/play\/\",\"name\":\"Federa\u00e7\u00e3o de R\u00e1dio Taiss\u00f4 do Brasil\",\"description\":\"Federa\u00e7\u00e3o de R\u00e1dio Taiss\u00f4 do Brasil \",\"publisher\":{\"@id\":\"https:\/\/radiotaisso.com.br\/play\/#organization\"},\"potentialAction\":[{\"@type\":\"SearchAction\",\"target\":{\"@type\":\"EntryPoint\",\"urlTemplate\":\"https:\/\/radiotaisso.com.br\/play\/?s={search_term_string}\"},\"query-input\":{\"@type\":\"PropertyValueSpecification\",\"valueRequired\":true,\"valueName\":\"search_term_string\"}}],\"inLanguage\":\"en-US\"},{\"@type\":\"Organization\",\"@id\":\"https:\/\/radiotaisso.com.br\/play\/#organization\",\"name\":\"FERTBRA\",\"url\":\"https:\/\/radiotaisso.com.br\/play\/\",\"logo\":{\"@type\":\"ImageObject\",\"inLanguage\":\"en-US\",\"@id\":\"https:\/\/radiotaisso.com.br\/play\/#\/schema\/logo\/image\/\",\"url\":\"https:\/\/radiotaisso.com.br\/play\/wp-content\/uploads\/2025\/01\/logo_taisso2.png\",\"contentUrl\":\"https:\/\/radiotaisso.com.br\/play\/wp-content\/uploads\/2025\/01\/logo_taisso2.png\",\"width\":483,\"height\":397,\"caption\":\"FERTBRA\"},\"image\":{\"@id\":\"https:\/\/radiotaisso.com.br\/play\/#\/schema\/logo\/image\/\"},\"sameAs\":[\"https:\/\/www.facebook.com\/RadioTaissodoBrasil\",\"https:\/\/www.instagram.com\/federacaoderadiotaissodobrasil\",\"https:\/\/www.youtube.com\/@FederacaoRadioTaissodoBrasil\"]},{\"@type\":\"Person\",\"@id\":\"https:\/\/radiotaisso.com.br\/play\/#\/schema\/person\/bc7a568875ab6d6fd6456d59ccda3e12\",\"name\":\"Direto da Reda\u00e7\u00e3o\",\"image\":{\"@type\":\"ImageObject\",\"inLanguage\":\"en-US\",\"@id\":\"https:\/\/radiotaisso.com.br\/play\/#\/schema\/person\/image\/\",\"url\":\"https:\/\/secure.gravatar.com\/avatar\/c61db01ab541ef3ceacbd00f9d7ac7bc7201d6a9ab06f49b03dc9f4b3e201303?s=96&d=mm&r=g\",\"contentUrl\":\"https:\/\/secure.gravatar.com\/avatar\/c61db01ab541ef3ceacbd00f9d7ac7bc7201d6a9ab06f49b03dc9f4b3e201303?s=96&d=mm&r=g\",\"caption\":\"Direto da Reda\u00e7\u00e3o\"},\"sameAs\":[\"http:\/\/radiotaisso.com.br\/play\"],\"url\":\"https:\/\/radiotaisso.com.br\/play\/index.php\/author\/digiacomoprodutoragmail-com\/\"}]}<\/script>\n<!-- \/ Yoast SEO plugin. -->","yoast_head_json":{"title":"39\u00aa Assembl\u00e9ia Geral Ordin\u00e1ria - Federa\u00e7\u00e3o de R\u00e1dio Taiss\u00f4 do Brasil","robots":{"index":"index","follow":"follow","max-snippet":"max-snippet:-1","max-image-preview":"max-image-preview:large","max-video-preview":"max-video-preview:-1"},"canonical":"http:\/\/radiotaisso.com.br\/play\/index.php\/2025\/01\/08\/39a-assembleia-geral-ordinaria\/","og_locale":"en_US","og_type":"article","og_title":"39\u00aa Assembl\u00e9ia Geral Ordin\u00e1ria - Federa\u00e7\u00e3o de R\u00e1dio Taiss\u00f4 do Brasil","og_description":"Dia 05\/03\/2023 \u00e0s 10:00 hrs. 39\u00aa Assembl\u00e9ia Geral Ordin\u00e1ria da Federa\u00e7\u00e3o de R\u00e1dio Taiss\u00f4 do Brasil. Sede da ACAL &#8211; ( Associa\u00e7\u00e3o Cultural Assistencial Liberdade). Eleita a nova Diretoria para o bi\u00eanio 2023 \/ 2024.","og_url":"http:\/\/radiotaisso.com.br\/play\/index.php\/2025\/01\/08\/39a-assembleia-geral-ordinaria\/","og_site_name":"Federa\u00e7\u00e3o de R\u00e1dio Taiss\u00f4 do Brasil","article_publisher":"https:\/\/www.facebook.com\/RadioTaissodoBrasil","article_published_time":"2025-01-08T17:33:59+00:00","og_image":[{"width":1024,"height":693,"url":"http:\/\/radiotaisso.com.br\/play\/wp-content\/uploads\/2025\/01\/334502177_1254056795494621_3415456578696864377_n.jpg","type":"image\/jpeg"}],"author":"Direto da Reda\u00e7\u00e3o","twitter_card":"summary_large_image","twitter_misc":{"Written by":"Direto da Reda\u00e7\u00e3o"},"schema":{"@context":"https:\/\/schema.org","@graph":[{"@type":"Article","@id":"http:\/\/radiotaisso.com.br\/play\/index.php\/2025\/01\/08\/39a-assembleia-geral-ordinaria\/#article","isPartOf":{"@id":"http:\/\/radiotaisso.com.br\/play\/index.php\/2025\/01\/08\/39a-assembleia-geral-ordinaria\/"},"author":{"name":"Direto da Reda\u00e7\u00e3o","@id":"https:\/\/radiotaisso.com.br\/play\/#\/schema\/person\/bc7a568875ab6d6fd6456d59ccda3e12"},"headline":"39\u00aa Assembl\u00e9ia Geral Ordin\u00e1ria","datePublished":"2025-01-08T17:33:59+00:00","mainEntityOfPage":{"@id":"http:\/\/radiotaisso.com.br\/play\/index.php\/2025\/01\/08\/39a-assembleia-geral-ordinaria\/"},"wordCount":39,"commentCount":0,"publisher":{"@id":"https:\/\/radiotaisso.com.br\/play\/#organization"},"image":{"@id":"http:\/\/radiotaisso.com.br\/play\/index.php\/2025\/01\/08\/39a-assembleia-geral-ordinaria\/#primaryimage"},"thumbnailUrl":"https:\/\/radiotaisso.com.br\/play\/wp-content\/uploads\/2025\/01\/334502177_1254056795494621_3415456578696864377_n.jpg","keywords":["2023","39\u00aa Assembl\u00e9ia Geral Ordin\u00e1ria","ACAL","bi\u00eanio 2023 \/ 2024","Diretoria"],"articleSection":["Not\u00edcias"],"inLanguage":"en-US","potentialAction":[{"@type":"CommentAction","name":"Comment","target":["http:\/\/radiotaisso.com.br\/play\/index.php\/2025\/01\/08\/39a-assembleia-geral-ordinaria\/#respond"]}]},{"@type":"WebPage","@id":"http:\/\/radiotaisso.com.br\/play\/index.php\/2025\/01\/08\/39a-assembleia-geral-ordinaria\/","url":"http:\/\/radiotaisso.com.br\/play\/index.php\/2025\/01\/08\/39a-assembleia-geral-ordinaria\/","name":"39\u00aa Assembl\u00e9ia Geral Ordin\u00e1ria - Federa\u00e7\u00e3o de R\u00e1dio Taiss\u00f4 do Brasil","isPartOf":{"@id":"https:\/\/radiotaisso.com.br\/play\/#website"},"primaryImageOfPage":{"@id":"http:\/\/radiotaisso.com.br\/play\/index.php\/2025\/01\/08\/39a-assembleia-geral-ordinaria\/#primaryimage"},"image":{"@id":"http:\/\/radiotaisso.com.br\/play\/index.php\/2025\/01\/08\/39a-assembleia-geral-ordinaria\/#primaryimage"},"thumbnailUrl":"https:\/\/radiotaisso.com.br\/play\/wp-content\/uploads\/2025\/01\/334502177_1254056795494621_3415456578696864377_n.jpg","datePublished":"2025-01-08T17:33:59+00:00","breadcrumb":{"@id":"http:\/\/radiotaisso.com.br\/play\/index.php\/2025\/01\/08\/39a-assembleia-geral-ordinaria\/#breadcrumb"},"inLanguage":"en-US","potentialAction":[{"@type":"ReadAction","target":["http:\/\/radiotaisso.com.br\/play\/index.php\/2025\/01\/08\/39a-assembleia-geral-ordinaria\/"]}]},{"@type":"ImageObject","inLanguage":"en-US","@id":"http:\/\/radiotaisso.com.br\/play\/index.php\/2025\/01\/08\/39a-assembleia-geral-ordinaria\/#primaryimage","url":"https:\/\/radiotaisso.com.br\/play\/wp-content\/uploads\/2025\/01\/334502177_1254056795494621_3415456578696864377_n.jpg","contentUrl":"https:\/\/radiotaisso.com.br\/play\/wp-content\/uploads\/2025\/01\/334502177_1254056795494621_3415456578696864377_n.jpg","width":1024,"height":693},{"@type":"BreadcrumbList","@id":"http:\/\/radiotaisso.com.br\/play\/index.php\/2025\/01\/08\/39a-assembleia-geral-ordinaria\/#breadcrumb","itemListElement":[{"@type":"ListItem","position":1,"name":"In\u00edcio","item":"https:\/\/radiotaisso.com.br\/play\/"},{"@type":"ListItem","position":2,"name":"39\u00aa Assembl\u00e9ia Geral Ordin\u00e1ria"}]},{"@type":"WebSite","@id":"https:\/\/radiotaisso.com.br\/play\/#website","url":"https:\/\/radiotaisso.com.br\/play\/","name":"Federa\u00e7\u00e3o de R\u00e1dio Taiss\u00f4 do Brasil","description":"Federa\u00e7\u00e3o de R\u00e1dio Taiss\u00f4 do Brasil ","publisher":{"@id":"https:\/\/radiotaisso.com.br\/play\/#organization"},"potentialAction":[{"@type":"SearchAction","target":{"@type":"EntryPoint","urlTemplate":"https:\/\/radiotaisso.com.br\/play\/?s={search_term_string}"},"query-input":{"@type":"PropertyValueSpecification","valueRequired":true,"valueName":"search_term_string"}}],"inLanguage":"en-US"},{"@type":"Organization","@id":"https:\/\/radiotaisso.com.br\/play\/#organization","name":"FERTBRA","url":"https:\/\/radiotaisso.com.br\/play\/","logo":{"@type":"ImageObject","inLanguage":"en-US","@id":"https:\/\/radiotaisso.com.br\/play\/#\/schema\/logo\/image\/","url":"https:\/\/radiotaisso.com.br\/play\/wp-content\/uploads\/2025\/01\/logo_taisso2.png","contentUrl":"https:\/\/radiotaisso.com.br\/play\/wp-content\/uploads\/2025\/01\/logo_taisso2.png","width":483,"height":397,"caption":"FERTBRA"},"image":{"@id":"https:\/\/radiotaisso.com.br\/play\/#\/schema\/logo\/image\/"},"sameAs":["https:\/\/www.facebook.com\/RadioTaissodoBrasil","https:\/\/www.instagram.com\/federacaoderadiotaissodobrasil","https:\/\/www.youtube.com\/@FederacaoRadioTaissodoBrasil"]},{"@type":"Person","@id":"https:\/\/radiotaisso.com.br\/play\/#\/schema\/person\/bc7a568875ab6d6fd6456d59ccda3e12","name":"Direto da Reda\u00e7\u00e3o","image":{"@type":"ImageObject","inLanguage":"en-US","@id":"https:\/\/radiotaisso.com.br\/play\/#\/schema\/person\/image\/","url":"https:\/\/secure.gravatar.com\/avatar\/c61db01ab541ef3ceacbd00f9d7ac7bc7201d6a9ab06f49b03dc9f4b3e201303?s=96&d=mm&r=g","contentUrl":"https:\/\/secure.gravatar.com\/avatar\/c61db01ab541ef3ceacbd00f9d7ac7bc7201d6a9ab06f49b03dc9f4b3e201303?s=96&d=mm&r=g","caption":"Direto da Reda\u00e7\u00e3o"},"sameAs":["http:\/\/radiotaisso.com.br\/play"],"url":"https:\/\/radiotaisso.com.br\/play\/index.php\/author\/digiacomoprodutoragmail-com\/"}]}},"_links":{"self":[{"href":"https:\/\/radiotaisso.com.br\/play\/index.php\/wp-json\/wp\/v2\/posts\/827","targetHints":{"allow":["GET"]}}],"collection":[{"href":"https:\/\/radiotaisso.com.br\/play\/index.php\/wp-json\/wp\/v2\/posts"}],"about":[{"href":"https:\/\/radiotaisso.com.br\/play\/index.php\/wp-json\/wp\/v2\/types\/post"}],"author":[{"embeddable":true,"href":"https:\/\/radiotaisso.com.br\/play\/index.php\/wp-json\/wp\/v2\/users\/1"}],"replies":[{"embeddable":true,"href":"https:\/\/radiotaisso.com.br\/play\/index.php\/wp-json\/wp\/v2\/comments?post=827"}],"version-history":[{"count":1,"href":"https:\/\/radiotaisso.com.br\/play\/index.php\/wp-json\/wp\/v2\/posts\/827\/revisions"}],"predecessor-version":[{"id":832,"href":"https:\/\/radiotaisso.com.br\/play\/index.php\/wp-json\/wp\/v2\/posts\/827\/revisions\/832"}],"wp:featuredmedia":[{"embeddable":true,"href":"https:\/\/radiotaisso.com.br\/play\/index.php\/wp-json\/wp\/v2\/media\/828"}],"wp:attachment":[{"href":"https:\/\/radiotaisso.com.br\/play\/index.php\/wp-json\/wp\/v2\/media?parent=827"}],"wp:term":[{"taxonomy":"category","embeddable":true,"href":"https:\/\/radiotaisso.com.br\/play\/index.php\/wp-json\/wp\/v2\/categories?post=827"},{"taxonomy":"post_tag","embeddable":true,"href":"https:\/\/radiotaisso.com.br\/play\/index.php\/wp-json\/wp\/v2\/tags?post=827"}],"curies":[{"name":"wp","href":"https:\/\/api.w.org\/{rel}","templated":true}]}}