{"id":846,"date":"2025-01-08T16:24:47","date_gmt":"2025-01-08T19:24:47","guid":{"rendered":"https:\/\/radiotaisso.com.br\/play\/?p=846"},"modified":"2025-01-08T16:24:47","modified_gmt":"2025-01-08T19:24:47","slug":"dia-do-radio-taisso","status":"publish","type":"post","link":"https:\/\/radiotaisso.com.br\/play\/index.php\/2025\/01\/08\/dia-do-radio-taisso\/","title":{"rendered":"Dia do R\u00e1dio Taiss\u00f4"},"content":{"rendered":"\n<p>V\u00eddeos: 18 de Junho &#8211; Dia do R\u00e1dio Taiss\u00f4.<br><br><\/p>\n\n\n\n<figure class=\"wp-block-video\"><video height=\"240\" style=\"aspect-ratio: 426 \/ 240;\" width=\"426\" autoplay controls src=\"https:\/\/radiotaisso.com.br\/play\/wp-content\/uploads\/2025\/01\/rotacionado.mp4\"><\/video><\/figure>\n\n\n\n<figure class=\"wp-block-video\"><video height=\"426\" style=\"aspect-ratio: 240 \/ 426;\" width=\"240\" controls src=\"https:\/\/radiotaisso.com.br\/play\/wp-content\/uploads\/2025\/01\/AQNOtCgYNm6IFc_y-cYRCalyUI6oX-2W2mZEE4tpVIJHIoiTedY2W9iEnbFJDCD4VhNy_3VSGqDBtZb6c8nJTx-B.mp4\"><\/video><\/figure>\n","protected":false},"excerpt":{"rendered":"<p>V\u00eddeos: 18 de Junho &#8211; Dia do R\u00e1dio Taiss\u00f4.<\/p>\n","protected":false},"author":1,"featured_media":849,"comment_status":"open","ping_status":"open","sticky":false,"template":"","format":"standard","meta":{"footnotes":""},"categories":[1],"tags":[255,254,197],"class_list":["post-846","post","type-post","status-publish","format-standard","has-post-thumbnail","hentry","category-noticias","tag-18-de-junho","tag-dia-do-radio-taisso","tag-video"],"yoast_head":"<!-- This site is optimized with the Yoast SEO plugin v27.1.1 - https:\/\/yoast.com\/product\/yoast-seo-wordpress\/ -->\n<title>Dia do R\u00e1dio Taiss\u00f4 - Federa\u00e7\u00e3o de R\u00e1dio Taiss\u00f4 do Brasil<\/title>\n<meta name=\"robots\" content=\"index, follow, max-snippet:-1, max-image-preview:large, max-video-preview:-1\" \/>\n<link rel=\"canonical\" href=\"https:\/\/radiotaisso.com.br\/play\/index.php\/2025\/01\/08\/dia-do-radio-taisso\/\" \/>\n<meta property=\"og:locale\" content=\"en_US\" \/>\n<meta property=\"og:type\" content=\"article\" \/>\n<meta property=\"og:title\" content=\"Dia do R\u00e1dio Taiss\u00f4 - Federa\u00e7\u00e3o de R\u00e1dio Taiss\u00f4 do Brasil\" \/>\n<meta property=\"og:description\" content=\"V\u00eddeos: 18 de Junho &#8211; Dia do R\u00e1dio Taiss\u00f4.\" \/>\n<meta property=\"og:url\" content=\"https:\/\/radiotaisso.com.br\/play\/index.php\/2025\/01\/08\/dia-do-radio-taisso\/\" \/>\n<meta property=\"og:site_name\" content=\"Federa\u00e7\u00e3o de R\u00e1dio Taiss\u00f4 do Brasil\" \/>\n<meta property=\"article:publisher\" content=\"https:\/\/www.facebook.com\/RadioTaissodoBrasil\" \/>\n<meta property=\"article:published_time\" content=\"2025-01-08T19:24:47+00:00\" \/>\n<meta property=\"og:image\" content=\"https:\/\/radiotaisso.com.br\/play\/wp-content\/uploads\/2025\/01\/212.jpg\" \/>\n\t<meta property=\"og:image:width\" content=\"893\" \/>\n\t<meta property=\"og:image:height\" content=\"500\" \/>\n\t<meta property=\"og:image:type\" content=\"image\/jpeg\" \/>\n<meta name=\"author\" content=\"Direto da Reda\u00e7\u00e3o\" \/>\n<meta name=\"twitter:card\" content=\"summary_large_image\" \/>\n<meta name=\"twitter:label1\" content=\"Written by\" \/>\n\t<meta name=\"twitter:data1\" content=\"Direto da Reda\u00e7\u00e3o\" \/>\n<script type=\"application\/ld+json\" class=\"yoast-schema-graph\">{\"@context\":\"https:\/\/schema.org\",\"@graph\":[{\"@type\":\"Article\",\"@id\":\"https:\/\/radiotaisso.com.br\/play\/index.php\/2025\/01\/08\/dia-do-radio-taisso\/#article\",\"isPartOf\":{\"@id\":\"https:\/\/radiotaisso.com.br\/play\/index.php\/2025\/01\/08\/dia-do-radio-taisso\/\"},\"author\":{\"name\":\"Direto da Reda\u00e7\u00e3o\",\"@id\":\"https:\/\/radiotaisso.com.br\/play\/#\/schema\/person\/bc7a568875ab6d6fd6456d59ccda3e12\"},\"headline\":\"Dia do R\u00e1dio Taiss\u00f4\",\"datePublished\":\"2025-01-08T19:24:47+00:00\",\"mainEntityOfPage\":{\"@id\":\"https:\/\/radiotaisso.com.br\/play\/index.php\/2025\/01\/08\/dia-do-radio-taisso\/\"},\"wordCount\":15,\"commentCount\":0,\"publisher\":{\"@id\":\"https:\/\/radiotaisso.com.br\/play\/#organization\"},\"image\":{\"@id\":\"https:\/\/radiotaisso.com.br\/play\/index.php\/2025\/01\/08\/dia-do-radio-taisso\/#primaryimage\"},\"thumbnailUrl\":\"https:\/\/radiotaisso.com.br\/play\/wp-content\/uploads\/2025\/01\/212.jpg\",\"keywords\":[\"18 de Junho\",\"Dia do R\u00e1dio Taiss\u00f4\",\"V\u00eddeo\"],\"articleSection\":[\"Not\u00edcias\"],\"inLanguage\":\"en-US\",\"potentialAction\":[{\"@type\":\"CommentAction\",\"name\":\"Comment\",\"target\":[\"https:\/\/radiotaisso.com.br\/play\/index.php\/2025\/01\/08\/dia-do-radio-taisso\/#respond\"]}]},{\"@type\":\"WebPage\",\"@id\":\"https:\/\/radiotaisso.com.br\/play\/index.php\/2025\/01\/08\/dia-do-radio-taisso\/\",\"url\":\"https:\/\/radiotaisso.com.br\/play\/index.php\/2025\/01\/08\/dia-do-radio-taisso\/\",\"name\":\"Dia do R\u00e1dio Taiss\u00f4 - Federa\u00e7\u00e3o de R\u00e1dio Taiss\u00f4 do Brasil\",\"isPartOf\":{\"@id\":\"https:\/\/radiotaisso.com.br\/play\/#website\"},\"primaryImageOfPage\":{\"@id\":\"https:\/\/radiotaisso.com.br\/play\/index.php\/2025\/01\/08\/dia-do-radio-taisso\/#primaryimage\"},\"image\":{\"@id\":\"https:\/\/radiotaisso.com.br\/play\/index.php\/2025\/01\/08\/dia-do-radio-taisso\/#primaryimage\"},\"thumbnailUrl\":\"https:\/\/radiotaisso.com.br\/play\/wp-content\/uploads\/2025\/01\/212.jpg\",\"datePublished\":\"2025-01-08T19:24:47+00:00\",\"breadcrumb\":{\"@id\":\"https:\/\/radiotaisso.com.br\/play\/index.php\/2025\/01\/08\/dia-do-radio-taisso\/#breadcrumb\"},\"inLanguage\":\"en-US\",\"potentialAction\":[{\"@type\":\"ReadAction\",\"target\":[\"https:\/\/radiotaisso.com.br\/play\/index.php\/2025\/01\/08\/dia-do-radio-taisso\/\"]}]},{\"@type\":\"ImageObject\",\"inLanguage\":\"en-US\",\"@id\":\"https:\/\/radiotaisso.com.br\/play\/index.php\/2025\/01\/08\/dia-do-radio-taisso\/#primaryimage\",\"url\":\"https:\/\/radiotaisso.com.br\/play\/wp-content\/uploads\/2025\/01\/212.jpg\",\"contentUrl\":\"https:\/\/radiotaisso.com.br\/play\/wp-content\/uploads\/2025\/01\/212.jpg\",\"width\":893,\"height\":500},{\"@type\":\"BreadcrumbList\",\"@id\":\"https:\/\/radiotaisso.com.br\/play\/index.php\/2025\/01\/08\/dia-do-radio-taisso\/#breadcrumb\",\"itemListElement\":[{\"@type\":\"ListItem\",\"position\":1,\"name\":\"In\u00edcio\",\"item\":\"https:\/\/radiotaisso.com.br\/play\/\"},{\"@type\":\"ListItem\",\"position\":2,\"name\":\"Dia do R\u00e1dio Taiss\u00f4\"}]},{\"@type\":\"WebSite\",\"@id\":\"https:\/\/radiotaisso.com.br\/play\/#website\",\"url\":\"https:\/\/radiotaisso.com.br\/play\/\",\"name\":\"Federa\u00e7\u00e3o de R\u00e1dio Taiss\u00f4 do Brasil\",\"description\":\"Federa\u00e7\u00e3o de R\u00e1dio Taiss\u00f4 do Brasil \",\"publisher\":{\"@id\":\"https:\/\/radiotaisso.com.br\/play\/#organization\"},\"potentialAction\":[{\"@type\":\"SearchAction\",\"target\":{\"@type\":\"EntryPoint\",\"urlTemplate\":\"https:\/\/radiotaisso.com.br\/play\/?s={search_term_string}\"},\"query-input\":{\"@type\":\"PropertyValueSpecification\",\"valueRequired\":true,\"valueName\":\"search_term_string\"}}],\"inLanguage\":\"en-US\"},{\"@type\":\"Organization\",\"@id\":\"https:\/\/radiotaisso.com.br\/play\/#organization\",\"name\":\"FERTBRA\",\"url\":\"https:\/\/radiotaisso.com.br\/play\/\",\"logo\":{\"@type\":\"ImageObject\",\"inLanguage\":\"en-US\",\"@id\":\"https:\/\/radiotaisso.com.br\/play\/#\/schema\/logo\/image\/\",\"url\":\"https:\/\/radiotaisso.com.br\/play\/wp-content\/uploads\/2025\/01\/logo_taisso2.png\",\"contentUrl\":\"https:\/\/radiotaisso.com.br\/play\/wp-content\/uploads\/2025\/01\/logo_taisso2.png\",\"width\":483,\"height\":397,\"caption\":\"FERTBRA\"},\"image\":{\"@id\":\"https:\/\/radiotaisso.com.br\/play\/#\/schema\/logo\/image\/\"},\"sameAs\":[\"https:\/\/www.facebook.com\/RadioTaissodoBrasil\",\"https:\/\/www.instagram.com\/federacaoderadiotaissodobrasil\",\"https:\/\/www.youtube.com\/@FederacaoRadioTaissodoBrasil\"]},{\"@type\":\"Person\",\"@id\":\"https:\/\/radiotaisso.com.br\/play\/#\/schema\/person\/bc7a568875ab6d6fd6456d59ccda3e12\",\"name\":\"Direto da Reda\u00e7\u00e3o\",\"image\":{\"@type\":\"ImageObject\",\"inLanguage\":\"en-US\",\"@id\":\"https:\/\/radiotaisso.com.br\/play\/#\/schema\/person\/image\/\",\"url\":\"https:\/\/secure.gravatar.com\/avatar\/c61db01ab541ef3ceacbd00f9d7ac7bc7201d6a9ab06f49b03dc9f4b3e201303?s=96&d=mm&r=g\",\"contentUrl\":\"https:\/\/secure.gravatar.com\/avatar\/c61db01ab541ef3ceacbd00f9d7ac7bc7201d6a9ab06f49b03dc9f4b3e201303?s=96&d=mm&r=g\",\"caption\":\"Direto da Reda\u00e7\u00e3o\"},\"sameAs\":[\"http:\/\/radiotaisso.com.br\/play\"],\"url\":\"https:\/\/radiotaisso.com.br\/play\/index.php\/author\/digiacomoprodutoragmail-com\/\"}]}<\/script>\n<!-- \/ Yoast SEO plugin. -->","yoast_head_json":{"title":"Dia do R\u00e1dio Taiss\u00f4 - Federa\u00e7\u00e3o de R\u00e1dio Taiss\u00f4 do Brasil","robots":{"index":"index","follow":"follow","max-snippet":"max-snippet:-1","max-image-preview":"max-image-preview:large","max-video-preview":"max-video-preview:-1"},"canonical":"https:\/\/radiotaisso.com.br\/play\/index.php\/2025\/01\/08\/dia-do-radio-taisso\/","og_locale":"en_US","og_type":"article","og_title":"Dia do R\u00e1dio Taiss\u00f4 - Federa\u00e7\u00e3o de R\u00e1dio Taiss\u00f4 do Brasil","og_description":"V\u00eddeos: 18 de Junho &#8211; Dia do R\u00e1dio Taiss\u00f4.","og_url":"https:\/\/radiotaisso.com.br\/play\/index.php\/2025\/01\/08\/dia-do-radio-taisso\/","og_site_name":"Federa\u00e7\u00e3o de R\u00e1dio Taiss\u00f4 do Brasil","article_publisher":"https:\/\/www.facebook.com\/RadioTaissodoBrasil","article_published_time":"2025-01-08T19:24:47+00:00","og_image":[{"width":893,"height":500,"url":"https:\/\/radiotaisso.com.br\/play\/wp-content\/uploads\/2025\/01\/212.jpg","type":"image\/jpeg"}],"author":"Direto da Reda\u00e7\u00e3o","twitter_card":"summary_large_image","twitter_misc":{"Written by":"Direto da Reda\u00e7\u00e3o"},"schema":{"@context":"https:\/\/schema.org","@graph":[{"@type":"Article","@id":"https:\/\/radiotaisso.com.br\/play\/index.php\/2025\/01\/08\/dia-do-radio-taisso\/#article","isPartOf":{"@id":"https:\/\/radiotaisso.com.br\/play\/index.php\/2025\/01\/08\/dia-do-radio-taisso\/"},"author":{"name":"Direto da Reda\u00e7\u00e3o","@id":"https:\/\/radiotaisso.com.br\/play\/#\/schema\/person\/bc7a568875ab6d6fd6456d59ccda3e12"},"headline":"Dia do R\u00e1dio Taiss\u00f4","datePublished":"2025-01-08T19:24:47+00:00","mainEntityOfPage":{"@id":"https:\/\/radiotaisso.com.br\/play\/index.php\/2025\/01\/08\/dia-do-radio-taisso\/"},"wordCount":15,"commentCount":0,"publisher":{"@id":"https:\/\/radiotaisso.com.br\/play\/#organization"},"image":{"@id":"https:\/\/radiotaisso.com.br\/play\/index.php\/2025\/01\/08\/dia-do-radio-taisso\/#primaryimage"},"thumbnailUrl":"https:\/\/radiotaisso.com.br\/play\/wp-content\/uploads\/2025\/01\/212.jpg","keywords":["18 de Junho","Dia do R\u00e1dio Taiss\u00f4","V\u00eddeo"],"articleSection":["Not\u00edcias"],"inLanguage":"en-US","potentialAction":[{"@type":"CommentAction","name":"Comment","target":["https:\/\/radiotaisso.com.br\/play\/index.php\/2025\/01\/08\/dia-do-radio-taisso\/#respond"]}]},{"@type":"WebPage","@id":"https:\/\/radiotaisso.com.br\/play\/index.php\/2025\/01\/08\/dia-do-radio-taisso\/","url":"https:\/\/radiotaisso.com.br\/play\/index.php\/2025\/01\/08\/dia-do-radio-taisso\/","name":"Dia do R\u00e1dio Taiss\u00f4 - Federa\u00e7\u00e3o de R\u00e1dio Taiss\u00f4 do Brasil","isPartOf":{"@id":"https:\/\/radiotaisso.com.br\/play\/#website"},"primaryImageOfPage":{"@id":"https:\/\/radiotaisso.com.br\/play\/index.php\/2025\/01\/08\/dia-do-radio-taisso\/#primaryimage"},"image":{"@id":"https:\/\/radiotaisso.com.br\/play\/index.php\/2025\/01\/08\/dia-do-radio-taisso\/#primaryimage"},"thumbnailUrl":"https:\/\/radiotaisso.com.br\/play\/wp-content\/uploads\/2025\/01\/212.jpg","datePublished":"2025-01-08T19:24:47+00:00","breadcrumb":{"@id":"https:\/\/radiotaisso.com.br\/play\/index.php\/2025\/01\/08\/dia-do-radio-taisso\/#breadcrumb"},"inLanguage":"en-US","potentialAction":[{"@type":"ReadAction","target":["https:\/\/radiotaisso.com.br\/play\/index.php\/2025\/01\/08\/dia-do-radio-taisso\/"]}]},{"@type":"ImageObject","inLanguage":"en-US","@id":"https:\/\/radiotaisso.com.br\/play\/index.php\/2025\/01\/08\/dia-do-radio-taisso\/#primaryimage","url":"https:\/\/radiotaisso.com.br\/play\/wp-content\/uploads\/2025\/01\/212.jpg","contentUrl":"https:\/\/radiotaisso.com.br\/play\/wp-content\/uploads\/2025\/01\/212.jpg","width":893,"height":500},{"@type":"BreadcrumbList","@id":"https:\/\/radiotaisso.com.br\/play\/index.php\/2025\/01\/08\/dia-do-radio-taisso\/#breadcrumb","itemListElement":[{"@type":"ListItem","position":1,"name":"In\u00edcio","item":"https:\/\/radiotaisso.com.br\/play\/"},{"@type":"ListItem","position":2,"name":"Dia do R\u00e1dio Taiss\u00f4"}]},{"@type":"WebSite","@id":"https:\/\/radiotaisso.com.br\/play\/#website","url":"https:\/\/radiotaisso.com.br\/play\/","name":"Federa\u00e7\u00e3o de R\u00e1dio Taiss\u00f4 do Brasil","description":"Federa\u00e7\u00e3o de R\u00e1dio Taiss\u00f4 do Brasil ","publisher":{"@id":"https:\/\/radiotaisso.com.br\/play\/#organization"},"potentialAction":[{"@type":"SearchAction","target":{"@type":"EntryPoint","urlTemplate":"https:\/\/radiotaisso.com.br\/play\/?s={search_term_string}"},"query-input":{"@type":"PropertyValueSpecification","valueRequired":true,"valueName":"search_term_string"}}],"inLanguage":"en-US"},{"@type":"Organization","@id":"https:\/\/radiotaisso.com.br\/play\/#organization","name":"FERTBRA","url":"https:\/\/radiotaisso.com.br\/play\/","logo":{"@type":"ImageObject","inLanguage":"en-US","@id":"https:\/\/radiotaisso.com.br\/play\/#\/schema\/logo\/image\/","url":"https:\/\/radiotaisso.com.br\/play\/wp-content\/uploads\/2025\/01\/logo_taisso2.png","contentUrl":"https:\/\/radiotaisso.com.br\/play\/wp-content\/uploads\/2025\/01\/logo_taisso2.png","width":483,"height":397,"caption":"FERTBRA"},"image":{"@id":"https:\/\/radiotaisso.com.br\/play\/#\/schema\/logo\/image\/"},"sameAs":["https:\/\/www.facebook.com\/RadioTaissodoBrasil","https:\/\/www.instagram.com\/federacaoderadiotaissodobrasil","https:\/\/www.youtube.com\/@FederacaoRadioTaissodoBrasil"]},{"@type":"Person","@id":"https:\/\/radiotaisso.com.br\/play\/#\/schema\/person\/bc7a568875ab6d6fd6456d59ccda3e12","name":"Direto da Reda\u00e7\u00e3o","image":{"@type":"ImageObject","inLanguage":"en-US","@id":"https:\/\/radiotaisso.com.br\/play\/#\/schema\/person\/image\/","url":"https:\/\/secure.gravatar.com\/avatar\/c61db01ab541ef3ceacbd00f9d7ac7bc7201d6a9ab06f49b03dc9f4b3e201303?s=96&d=mm&r=g","contentUrl":"https:\/\/secure.gravatar.com\/avatar\/c61db01ab541ef3ceacbd00f9d7ac7bc7201d6a9ab06f49b03dc9f4b3e201303?s=96&d=mm&r=g","caption":"Direto da Reda\u00e7\u00e3o"},"sameAs":["http:\/\/radiotaisso.com.br\/play"],"url":"https:\/\/radiotaisso.com.br\/play\/index.php\/author\/digiacomoprodutoragmail-com\/"}]}},"_links":{"self":[{"href":"https:\/\/radiotaisso.com.br\/play\/index.php\/wp-json\/wp\/v2\/posts\/846","targetHints":{"allow":["GET"]}}],"collection":[{"href":"https:\/\/radiotaisso.com.br\/play\/index.php\/wp-json\/wp\/v2\/posts"}],"about":[{"href":"https:\/\/radiotaisso.com.br\/play\/index.php\/wp-json\/wp\/v2\/types\/post"}],"author":[{"embeddable":true,"href":"https:\/\/radiotaisso.com.br\/play\/index.php\/wp-json\/wp\/v2\/users\/1"}],"replies":[{"embeddable":true,"href":"https:\/\/radiotaisso.com.br\/play\/index.php\/wp-json\/wp\/v2\/comments?post=846"}],"version-history":[{"count":1,"href":"https:\/\/radiotaisso.com.br\/play\/index.php\/wp-json\/wp\/v2\/posts\/846\/revisions"}],"predecessor-version":[{"id":850,"href":"https:\/\/radiotaisso.com.br\/play\/index.php\/wp-json\/wp\/v2\/posts\/846\/revisions\/850"}],"wp:featuredmedia":[{"embeddable":true,"href":"https:\/\/radiotaisso.com.br\/play\/index.php\/wp-json\/wp\/v2\/media\/849"}],"wp:attachment":[{"href":"https:\/\/radiotaisso.com.br\/play\/index.php\/wp-json\/wp\/v2\/media?parent=846"}],"wp:term":[{"taxonomy":"category","embeddable":true,"href":"https:\/\/radiotaisso.com.br\/play\/index.php\/wp-json\/wp\/v2\/categories?post=846"},{"taxonomy":"post_tag","embeddable":true,"href":"https:\/\/radiotaisso.com.br\/play\/index.php\/wp-json\/wp\/v2\/tags?post=846"}],"curies":[{"name":"wp","href":"https:\/\/api.w.org\/{rel}","templated":true}]}}