{"id":860,"date":"2025-01-08T18:26:03","date_gmt":"2025-01-08T21:26:03","guid":{"rendered":"https:\/\/radiotaisso.com.br\/play\/?p=860"},"modified":"2025-01-08T18:31:16","modified_gmt":"2025-01-08T21:31:16","slug":"40o-a-g-o-da-federacao-de-radio-taisso-do-brasil","status":"publish","type":"post","link":"https:\/\/radiotaisso.com.br\/play\/index.php\/2025\/01\/08\/40o-a-g-o-da-federacao-de-radio-taisso-do-brasil\/","title":{"rendered":"40\u00ba A.G.O. da Federa\u00e7\u00e3o e Coordenadores do Departamento de Estrat\u00e9gia"},"content":{"rendered":"\n<p>25\/02\/2024 &#8211; 40\u00ba A.G.O. da Federa\u00e7\u00e3o de R\u00e1dio Taiss\u00f4 do Brasil, na sede da ACAL (Associa\u00e7\u00e3o Cultural e Assistencial da Liberdade) , quando ocorreu tamb\u00e9m a diploma\u00e7\u00e3o dos seis novos instrutores \/ 2023.<br><br><\/p>\n\n\n\n<figure class=\"wp-block-gallery has-nested-images columns-2 is-cropped wp-block-gallery-1 is-layout-flex wp-block-gallery-is-layout-flex\">\n<figure data-wp-context=\"{&quot;imageId&quot;:&quot;69f198d872b4c&quot;}\" data-wp-interactive=\"core\/image\" data-wp-key=\"69f198d872b4c\" class=\"wp-block-image size-large wp-lightbox-container\"><img fetchpriority=\"high\" decoding=\"async\" width=\"868\" height=\"1024\" data-wp-class--hide=\"state.isContentHidden\" data-wp-class--show=\"state.isContentVisible\" data-wp-init=\"callbacks.setButtonStyles\" data-wp-on--click=\"actions.showLightbox\" data-wp-on--load=\"callbacks.setButtonStyles\" data-wp-on-window--resize=\"callbacks.setButtonStyles\" data-id=\"865\" src=\"https:\/\/radiotaisso.com.br\/play\/wp-content\/uploads\/2025\/01\/428711349_708558258124265_3355504263762697605_n-868x1024.jpg\" alt=\"\" class=\"wp-image-865\" srcset=\"https:\/\/radiotaisso.com.br\/play\/wp-content\/uploads\/2025\/01\/428711349_708558258124265_3355504263762697605_n-868x1024.jpg 868w, https:\/\/radiotaisso.com.br\/play\/wp-content\/uploads\/2025\/01\/428711349_708558258124265_3355504263762697605_n-254x300.jpg 254w, https:\/\/radiotaisso.com.br\/play\/wp-content\/uploads\/2025\/01\/428711349_708558258124265_3355504263762697605_n-768x906.jpg 768w, https:\/\/radiotaisso.com.br\/play\/wp-content\/uploads\/2025\/01\/428711349_708558258124265_3355504263762697605_n-1303x1536.jpg 1303w, https:\/\/radiotaisso.com.br\/play\/wp-content\/uploads\/2025\/01\/428711349_708558258124265_3355504263762697605_n-1140x1344.jpg 1140w, https:\/\/radiotaisso.com.br\/play\/wp-content\/uploads\/2025\/01\/428711349_708558258124265_3355504263762697605_n.jpg 1357w\" sizes=\"(max-width: 868px) 100vw, 868px\" \/><button\n\t\t\tclass=\"lightbox-trigger\"\n\t\t\ttype=\"button\"\n\t\t\taria-haspopup=\"dialog\"\n\t\t\taria-label=\"Enlarge\"\n\t\t\tdata-wp-init=\"callbacks.initTriggerButton\"\n\t\t\tdata-wp-on--click=\"actions.showLightbox\"\n\t\t\tdata-wp-style--right=\"state.imageButtonRight\"\n\t\t\tdata-wp-style--top=\"state.imageButtonTop\"\n\t\t>\n\t\t\t<svg xmlns=\"http:\/\/www.w3.org\/2000\/svg\" width=\"12\" height=\"12\" fill=\"none\" viewBox=\"0 0 12 12\">\n\t\t\t\t<path fill=\"#fff\" d=\"M2 0a2 2 0 0 0-2 2v2h1.5V2a.5.5 0 0 1 .5-.5h2V0H2Zm2 10.5H2a.5.5 0 0 1-.5-.5V8H0v2a2 2 0 0 0 2 2h2v-1.5ZM8 12v-1.5h2a.5.5 0 0 0 .5-.5V8H12v2a2 2 0 0 1-2 2H8Zm2-12a2 2 0 0 1 2 2v2h-1.5V2a.5.5 0 0 0-.5-.5H8V0h2Z\" \/>\n\t\t\t<\/svg>\n\t\t<\/button><\/figure>\n\n\n\n<figure data-wp-context=\"{&quot;imageId&quot;:&quot;69f198d8734f6&quot;}\" data-wp-interactive=\"core\/image\" data-wp-key=\"69f198d8734f6\" class=\"wp-block-image size-large wp-lightbox-container\"><img decoding=\"async\" width=\"1024\" height=\"1024\" data-wp-class--hide=\"state.isContentHidden\" data-wp-class--show=\"state.isContentVisible\" data-wp-init=\"callbacks.setButtonStyles\" data-wp-on--click=\"actions.showLightbox\" data-wp-on--load=\"callbacks.setButtonStyles\" data-wp-on-window--resize=\"callbacks.setButtonStyles\" data-id=\"864\" src=\"https:\/\/radiotaisso.com.br\/play\/wp-content\/uploads\/2025\/01\/429944707_708558101457614_7417793747470712482_n-1024x1024.jpg\" alt=\"\" class=\"wp-image-864\" srcset=\"https:\/\/radiotaisso.com.br\/play\/wp-content\/uploads\/2025\/01\/429944707_708558101457614_7417793747470712482_n-1024x1024.jpg 1024w, https:\/\/radiotaisso.com.br\/play\/wp-content\/uploads\/2025\/01\/429944707_708558101457614_7417793747470712482_n-300x300.jpg 300w, https:\/\/radiotaisso.com.br\/play\/wp-content\/uploads\/2025\/01\/429944707_708558101457614_7417793747470712482_n-150x150.jpg 150w, https:\/\/radiotaisso.com.br\/play\/wp-content\/uploads\/2025\/01\/429944707_708558101457614_7417793747470712482_n-768x768.jpg 768w, https:\/\/radiotaisso.com.br\/play\/wp-content\/uploads\/2025\/01\/429944707_708558101457614_7417793747470712482_n-1536x1536.jpg 1536w, https:\/\/radiotaisso.com.br\/play\/wp-content\/uploads\/2025\/01\/429944707_708558101457614_7417793747470712482_n-1140x1140.jpg 1140w, https:\/\/radiotaisso.com.br\/play\/wp-content\/uploads\/2025\/01\/429944707_708558101457614_7417793747470712482_n-75x75.jpg 75w, https:\/\/radiotaisso.com.br\/play\/wp-content\/uploads\/2025\/01\/429944707_708558101457614_7417793747470712482_n.jpg 2048w\" sizes=\"(max-width: 1024px) 100vw, 1024px\" \/><button\n\t\t\tclass=\"lightbox-trigger\"\n\t\t\ttype=\"button\"\n\t\t\taria-haspopup=\"dialog\"\n\t\t\taria-label=\"Enlarge\"\n\t\t\tdata-wp-init=\"callbacks.initTriggerButton\"\n\t\t\tdata-wp-on--click=\"actions.showLightbox\"\n\t\t\tdata-wp-style--right=\"state.imageButtonRight\"\n\t\t\tdata-wp-style--top=\"state.imageButtonTop\"\n\t\t>\n\t\t\t<svg xmlns=\"http:\/\/www.w3.org\/2000\/svg\" width=\"12\" height=\"12\" fill=\"none\" viewBox=\"0 0 12 12\">\n\t\t\t\t<path fill=\"#fff\" d=\"M2 0a2 2 0 0 0-2 2v2h1.5V2a.5.5 0 0 1 .5-.5h2V0H2Zm2 10.5H2a.5.5 0 0 1-.5-.5V8H0v2a2 2 0 0 0 2 2h2v-1.5ZM8 12v-1.5h2a.5.5 0 0 0 .5-.5V8H12v2a2 2 0 0 1-2 2H8Zm2-12a2 2 0 0 1 2 2v2h-1.5V2a.5.5 0 0 0-.5-.5H8V0h2Z\" \/>\n\t\t\t<\/svg>\n\t\t<\/button><\/figure>\n\n\n\n<figure data-wp-context=\"{&quot;imageId&quot;:&quot;69f198d873e87&quot;}\" data-wp-interactive=\"core\/image\" data-wp-key=\"69f198d873e87\" class=\"wp-block-image size-large wp-lightbox-container\"><img decoding=\"async\" width=\"1024\" height=\"1024\" data-wp-class--hide=\"state.isContentHidden\" data-wp-class--show=\"state.isContentVisible\" data-wp-init=\"callbacks.setButtonStyles\" data-wp-on--click=\"actions.showLightbox\" data-wp-on--load=\"callbacks.setButtonStyles\" data-wp-on-window--resize=\"callbacks.setButtonStyles\" data-id=\"863\" src=\"https:\/\/radiotaisso.com.br\/play\/wp-content\/uploads\/2025\/01\/430012587_708558228124268_3526517643475974697_n-1024x1024.jpg\" alt=\"\" class=\"wp-image-863\" srcset=\"https:\/\/radiotaisso.com.br\/play\/wp-content\/uploads\/2025\/01\/430012587_708558228124268_3526517643475974697_n-1024x1024.jpg 1024w, https:\/\/radiotaisso.com.br\/play\/wp-content\/uploads\/2025\/01\/430012587_708558228124268_3526517643475974697_n-300x300.jpg 300w, https:\/\/radiotaisso.com.br\/play\/wp-content\/uploads\/2025\/01\/430012587_708558228124268_3526517643475974697_n-150x150.jpg 150w, https:\/\/radiotaisso.com.br\/play\/wp-content\/uploads\/2025\/01\/430012587_708558228124268_3526517643475974697_n-768x768.jpg 768w, https:\/\/radiotaisso.com.br\/play\/wp-content\/uploads\/2025\/01\/430012587_708558228124268_3526517643475974697_n-1536x1536.jpg 1536w, https:\/\/radiotaisso.com.br\/play\/wp-content\/uploads\/2025\/01\/430012587_708558228124268_3526517643475974697_n-1140x1140.jpg 1140w, https:\/\/radiotaisso.com.br\/play\/wp-content\/uploads\/2025\/01\/430012587_708558228124268_3526517643475974697_n-75x75.jpg 75w, https:\/\/radiotaisso.com.br\/play\/wp-content\/uploads\/2025\/01\/430012587_708558228124268_3526517643475974697_n.jpg 2048w\" sizes=\"(max-width: 1024px) 100vw, 1024px\" \/><button\n\t\t\tclass=\"lightbox-trigger\"\n\t\t\ttype=\"button\"\n\t\t\taria-haspopup=\"dialog\"\n\t\t\taria-label=\"Enlarge\"\n\t\t\tdata-wp-init=\"callbacks.initTriggerButton\"\n\t\t\tdata-wp-on--click=\"actions.showLightbox\"\n\t\t\tdata-wp-style--right=\"state.imageButtonRight\"\n\t\t\tdata-wp-style--top=\"state.imageButtonTop\"\n\t\t>\n\t\t\t<svg xmlns=\"http:\/\/www.w3.org\/2000\/svg\" width=\"12\" height=\"12\" fill=\"none\" viewBox=\"0 0 12 12\">\n\t\t\t\t<path fill=\"#fff\" d=\"M2 0a2 2 0 0 0-2 2v2h1.5V2a.5.5 0 0 1 .5-.5h2V0H2Zm2 10.5H2a.5.5 0 0 1-.5-.5V8H0v2a2 2 0 0 0 2 2h2v-1.5ZM8 12v-1.5h2a.5.5 0 0 0 .5-.5V8H12v2a2 2 0 0 1-2 2H8Zm2-12a2 2 0 0 1 2 2v2h-1.5V2a.5.5 0 0 0-.5-.5H8V0h2Z\" \/>\n\t\t\t<\/svg>\n\t\t<\/button><\/figure>\n\n\n\n<figure data-wp-context=\"{&quot;imageId&quot;:&quot;69f198d874801&quot;}\" data-wp-interactive=\"core\/image\" data-wp-key=\"69f198d874801\" class=\"wp-block-image size-large wp-lightbox-container\"><img loading=\"lazy\" decoding=\"async\" width=\"1024\" height=\"1024\" data-wp-class--hide=\"state.isContentHidden\" data-wp-class--show=\"state.isContentVisible\" data-wp-init=\"callbacks.setButtonStyles\" data-wp-on--click=\"actions.showLightbox\" data-wp-on--load=\"callbacks.setButtonStyles\" data-wp-on-window--resize=\"callbacks.setButtonStyles\" data-id=\"862\" src=\"https:\/\/radiotaisso.com.br\/play\/wp-content\/uploads\/2025\/01\/409090140_708558168124274_3663259638678843083_n-1024x1024.jpg\" alt=\"\" class=\"wp-image-862\" srcset=\"https:\/\/radiotaisso.com.br\/play\/wp-content\/uploads\/2025\/01\/409090140_708558168124274_3663259638678843083_n-1024x1024.jpg 1024w, https:\/\/radiotaisso.com.br\/play\/wp-content\/uploads\/2025\/01\/409090140_708558168124274_3663259638678843083_n-300x300.jpg 300w, https:\/\/radiotaisso.com.br\/play\/wp-content\/uploads\/2025\/01\/409090140_708558168124274_3663259638678843083_n-150x150.jpg 150w, https:\/\/radiotaisso.com.br\/play\/wp-content\/uploads\/2025\/01\/409090140_708558168124274_3663259638678843083_n-768x768.jpg 768w, https:\/\/radiotaisso.com.br\/play\/wp-content\/uploads\/2025\/01\/409090140_708558168124274_3663259638678843083_n-1536x1536.jpg 1536w, https:\/\/radiotaisso.com.br\/play\/wp-content\/uploads\/2025\/01\/409090140_708558168124274_3663259638678843083_n-1140x1140.jpg 1140w, https:\/\/radiotaisso.com.br\/play\/wp-content\/uploads\/2025\/01\/409090140_708558168124274_3663259638678843083_n-75x75.jpg 75w, https:\/\/radiotaisso.com.br\/play\/wp-content\/uploads\/2025\/01\/409090140_708558168124274_3663259638678843083_n.jpg 2048w\" sizes=\"(max-width: 1024px) 100vw, 1024px\" \/><button\n\t\t\tclass=\"lightbox-trigger\"\n\t\t\ttype=\"button\"\n\t\t\taria-haspopup=\"dialog\"\n\t\t\taria-label=\"Enlarge\"\n\t\t\tdata-wp-init=\"callbacks.initTriggerButton\"\n\t\t\tdata-wp-on--click=\"actions.showLightbox\"\n\t\t\tdata-wp-style--right=\"state.imageButtonRight\"\n\t\t\tdata-wp-style--top=\"state.imageButtonTop\"\n\t\t>\n\t\t\t<svg xmlns=\"http:\/\/www.w3.org\/2000\/svg\" width=\"12\" height=\"12\" fill=\"none\" viewBox=\"0 0 12 12\">\n\t\t\t\t<path fill=\"#fff\" d=\"M2 0a2 2 0 0 0-2 2v2h1.5V2a.5.5 0 0 1 .5-.5h2V0H2Zm2 10.5H2a.5.5 0 0 1-.5-.5V8H0v2a2 2 0 0 0 2 2h2v-1.5ZM8 12v-1.5h2a.5.5 0 0 0 .5-.5V8H12v2a2 2 0 0 1-2 2H8Zm2-12a2 2 0 0 1 2 2v2h-1.5V2a.5.5 0 0 0-.5-.5H8V0h2Z\" \/>\n\t\t\t<\/svg>\n\t\t<\/button><\/figure>\n<\/figure>\n\n\n\n<p><br><br>Coordenadores do Departamento de Estrat\u00e9gia da Federa\u00e7\u00e3o de R\u00e1dio Taiss\u00f4 do Brasil, Ciro Jos\u00e9 Koshiyama e Fl\u00e1vio Yasuda , durante a 40\u00aa A.G.O. No dia 25\/02\/2024.<br><br><\/p>\n\n\n<p><iframe src=\"https:\/\/www.facebook.com\/plugins\/video.php?height=476&#038;href=https%3A%2F%2Fwww.facebook.com%2FRadioTaissodoBrasil%2Fvideos%2F420005617059783%2F&#038;show_text=false&#038;width=476&#038;t=0\" width=\"476\" height=\"476\" style=\"border:none;overflow:hidden\" scrolling=\"no\" frameborder=\"0\" allowfullscreen=\"true\" allow=\"autoplay; clipboard-write; encrypted-media; picture-in-picture; web-share\" allowFullScreen=\"true\"><\/iframe><\/p>\n","protected":false},"excerpt":{"rendered":"<p>25\/02\/2024 &#8211; 40\u00ba A.G.O. da Federa\u00e7\u00e3o de R\u00e1dio Taiss\u00f4 do Brasil, na sede da ACAL (Associa\u00e7\u00e3o Cultural e Assistencial da Liberdade) , quando ocorreu tamb\u00e9m a diploma\u00e7\u00e3o dos seis novos instrutores \/ 2023. Coordenadores do Departamento de Estrat\u00e9gia da Federa\u00e7\u00e3o de R\u00e1dio Taiss\u00f4 do Brasil, Ciro Jos\u00e9 Koshiyama e Fl\u00e1vio Yasuda , durante a 40\u00aa A.G.O. No dia 25\/02\/2024.<\/p>\n","protected":false},"author":1,"featured_media":861,"comment_status":"open","ping_status":"open","sticky":false,"template":"","format":"standard","meta":{"footnotes":""},"categories":[1],"tags":[261,259,218,263,262,260,264,41,197],"class_list":["post-860","post","type-post","status-publish","format-standard","has-post-thumbnail","hentry","category-noticias","tag-261","tag-40o-a-g-o","tag-acal","tag-ciro-jose-koshiyama","tag-departamento-de-estrategia","tag-diplomacao","tag-flavio-yasuda","tag-instrutores","tag-video"],"yoast_head":"<!-- This site is optimized with the Yoast SEO plugin v27.1.1 - https:\/\/yoast.com\/product\/yoast-seo-wordpress\/ -->\n<title>40\u00ba A.G.O. da Federa\u00e7\u00e3o e Coordenadores do Departamento de Estrat\u00e9gia - Federa\u00e7\u00e3o de R\u00e1dio Taiss\u00f4 do Brasil<\/title>\n<meta name=\"robots\" content=\"index, follow, max-snippet:-1, max-image-preview:large, max-video-preview:-1\" \/>\n<link rel=\"canonical\" href=\"https:\/\/radiotaisso.com.br\/play\/index.php\/2025\/01\/08\/40o-a-g-o-da-federacao-de-radio-taisso-do-brasil\/\" \/>\n<meta property=\"og:locale\" content=\"en_US\" \/>\n<meta property=\"og:type\" content=\"article\" \/>\n<meta property=\"og:title\" content=\"40\u00ba A.G.O. da Federa\u00e7\u00e3o e Coordenadores do Departamento de Estrat\u00e9gia - Federa\u00e7\u00e3o de R\u00e1dio Taiss\u00f4 do Brasil\" \/>\n<meta property=\"og:description\" content=\"25\/02\/2024 &#8211; 40\u00ba A.G.O. da Federa\u00e7\u00e3o de R\u00e1dio Taiss\u00f4 do Brasil, na sede da ACAL (Associa\u00e7\u00e3o Cultural e Assistencial da Liberdade) , quando ocorreu tamb\u00e9m a diploma\u00e7\u00e3o dos seis novos instrutores \/ 2023. Coordenadores do Departamento de Estrat\u00e9gia da Federa\u00e7\u00e3o de R\u00e1dio Taiss\u00f4 do Brasil, Ciro Jos\u00e9 Koshiyama e Fl\u00e1vio Yasuda , durante a 40\u00aa A.G.O. No dia 25\/02\/2024.\" \/>\n<meta property=\"og:url\" content=\"https:\/\/radiotaisso.com.br\/play\/index.php\/2025\/01\/08\/40o-a-g-o-da-federacao-de-radio-taisso-do-brasil\/\" \/>\n<meta property=\"og:site_name\" content=\"Federa\u00e7\u00e3o de R\u00e1dio Taiss\u00f4 do Brasil\" \/>\n<meta property=\"article:publisher\" content=\"https:\/\/www.facebook.com\/RadioTaissodoBrasil\" \/>\n<meta property=\"article:published_time\" content=\"2025-01-08T21:26:03+00:00\" \/>\n<meta property=\"article:modified_time\" content=\"2025-01-08T21:31:16+00:00\" \/>\n<meta property=\"og:image\" content=\"https:\/\/radiotaisso.com.br\/play\/wp-content\/uploads\/2025\/01\/429937663_708558284790929_1942146629718842737_n.jpg\" \/>\n\t<meta property=\"og:image:width\" content=\"1280\" \/>\n\t<meta property=\"og:image:height\" content=\"855\" \/>\n\t<meta property=\"og:image:type\" content=\"image\/jpeg\" \/>\n<meta name=\"author\" content=\"Direto da Reda\u00e7\u00e3o\" \/>\n<meta name=\"twitter:card\" content=\"summary_large_image\" \/>\n<meta name=\"twitter:label1\" content=\"Written by\" \/>\n\t<meta name=\"twitter:data1\" content=\"Direto da Reda\u00e7\u00e3o\" \/>\n<script type=\"application\/ld+json\" class=\"yoast-schema-graph\">{\"@context\":\"https:\/\/schema.org\",\"@graph\":[{\"@type\":\"Article\",\"@id\":\"https:\/\/radiotaisso.com.br\/play\/index.php\/2025\/01\/08\/40o-a-g-o-da-federacao-de-radio-taisso-do-brasil\/#article\",\"isPartOf\":{\"@id\":\"https:\/\/radiotaisso.com.br\/play\/index.php\/2025\/01\/08\/40o-a-g-o-da-federacao-de-radio-taisso-do-brasil\/\"},\"author\":{\"name\":\"Direto da Reda\u00e7\u00e3o\",\"@id\":\"https:\/\/radiotaisso.com.br\/play\/#\/schema\/person\/bc7a568875ab6d6fd6456d59ccda3e12\"},\"headline\":\"40\u00ba A.G.O. da Federa\u00e7\u00e3o e Coordenadores do Departamento de Estrat\u00e9gia\",\"datePublished\":\"2025-01-08T21:26:03+00:00\",\"dateModified\":\"2025-01-08T21:31:16+00:00\",\"mainEntityOfPage\":{\"@id\":\"https:\/\/radiotaisso.com.br\/play\/index.php\/2025\/01\/08\/40o-a-g-o-da-federacao-de-radio-taisso-do-brasil\/\"},\"wordCount\":77,\"commentCount\":0,\"publisher\":{\"@id\":\"https:\/\/radiotaisso.com.br\/play\/#organization\"},\"image\":{\"@id\":\"https:\/\/radiotaisso.com.br\/play\/index.php\/2025\/01\/08\/40o-a-g-o-da-federacao-de-radio-taisso-do-brasil\/#primaryimage\"},\"thumbnailUrl\":\"https:\/\/radiotaisso.com.br\/play\/wp-content\/uploads\/2025\/01\/429937663_708558284790929_1942146629718842737_n.jpg\",\"keywords\":[\"2024\",\"40\u00ba A.G.O.\",\"ACAL\",\"Ciro Jos\u00e9 Koshiyama\",\"Departamento de Estrat\u00e9gia\",\"diploma\u00e7\u00e3o\",\"Fl\u00e1vio Yasuda\",\"Instrutores\",\"V\u00eddeo\"],\"articleSection\":[\"Not\u00edcias\"],\"inLanguage\":\"en-US\",\"potentialAction\":[{\"@type\":\"CommentAction\",\"name\":\"Comment\",\"target\":[\"https:\/\/radiotaisso.com.br\/play\/index.php\/2025\/01\/08\/40o-a-g-o-da-federacao-de-radio-taisso-do-brasil\/#respond\"]}]},{\"@type\":\"WebPage\",\"@id\":\"https:\/\/radiotaisso.com.br\/play\/index.php\/2025\/01\/08\/40o-a-g-o-da-federacao-de-radio-taisso-do-brasil\/\",\"url\":\"https:\/\/radiotaisso.com.br\/play\/index.php\/2025\/01\/08\/40o-a-g-o-da-federacao-de-radio-taisso-do-brasil\/\",\"name\":\"40\u00ba A.G.O. da Federa\u00e7\u00e3o e Coordenadores do Departamento de Estrat\u00e9gia - Federa\u00e7\u00e3o de R\u00e1dio Taiss\u00f4 do Brasil\",\"isPartOf\":{\"@id\":\"https:\/\/radiotaisso.com.br\/play\/#website\"},\"primaryImageOfPage\":{\"@id\":\"https:\/\/radiotaisso.com.br\/play\/index.php\/2025\/01\/08\/40o-a-g-o-da-federacao-de-radio-taisso-do-brasil\/#primaryimage\"},\"image\":{\"@id\":\"https:\/\/radiotaisso.com.br\/play\/index.php\/2025\/01\/08\/40o-a-g-o-da-federacao-de-radio-taisso-do-brasil\/#primaryimage\"},\"thumbnailUrl\":\"https:\/\/radiotaisso.com.br\/play\/wp-content\/uploads\/2025\/01\/429937663_708558284790929_1942146629718842737_n.jpg\",\"datePublished\":\"2025-01-08T21:26:03+00:00\",\"dateModified\":\"2025-01-08T21:31:16+00:00\",\"breadcrumb\":{\"@id\":\"https:\/\/radiotaisso.com.br\/play\/index.php\/2025\/01\/08\/40o-a-g-o-da-federacao-de-radio-taisso-do-brasil\/#breadcrumb\"},\"inLanguage\":\"en-US\",\"potentialAction\":[{\"@type\":\"ReadAction\",\"target\":[\"https:\/\/radiotaisso.com.br\/play\/index.php\/2025\/01\/08\/40o-a-g-o-da-federacao-de-radio-taisso-do-brasil\/\"]}]},{\"@type\":\"ImageObject\",\"inLanguage\":\"en-US\",\"@id\":\"https:\/\/radiotaisso.com.br\/play\/index.php\/2025\/01\/08\/40o-a-g-o-da-federacao-de-radio-taisso-do-brasil\/#primaryimage\",\"url\":\"https:\/\/radiotaisso.com.br\/play\/wp-content\/uploads\/2025\/01\/429937663_708558284790929_1942146629718842737_n.jpg\",\"contentUrl\":\"https:\/\/radiotaisso.com.br\/play\/wp-content\/uploads\/2025\/01\/429937663_708558284790929_1942146629718842737_n.jpg\",\"width\":1280,\"height\":855},{\"@type\":\"BreadcrumbList\",\"@id\":\"https:\/\/radiotaisso.com.br\/play\/index.php\/2025\/01\/08\/40o-a-g-o-da-federacao-de-radio-taisso-do-brasil\/#breadcrumb\",\"itemListElement\":[{\"@type\":\"ListItem\",\"position\":1,\"name\":\"In\u00edcio\",\"item\":\"https:\/\/radiotaisso.com.br\/play\/\"},{\"@type\":\"ListItem\",\"position\":2,\"name\":\"40\u00ba A.G.O. da Federa\u00e7\u00e3o e Coordenadores do Departamento de Estrat\u00e9gia\"}]},{\"@type\":\"WebSite\",\"@id\":\"https:\/\/radiotaisso.com.br\/play\/#website\",\"url\":\"https:\/\/radiotaisso.com.br\/play\/\",\"name\":\"Federa\u00e7\u00e3o de R\u00e1dio Taiss\u00f4 do Brasil\",\"description\":\"Federa\u00e7\u00e3o de R\u00e1dio Taiss\u00f4 do Brasil \",\"publisher\":{\"@id\":\"https:\/\/radiotaisso.com.br\/play\/#organization\"},\"potentialAction\":[{\"@type\":\"SearchAction\",\"target\":{\"@type\":\"EntryPoint\",\"urlTemplate\":\"https:\/\/radiotaisso.com.br\/play\/?s={search_term_string}\"},\"query-input\":{\"@type\":\"PropertyValueSpecification\",\"valueRequired\":true,\"valueName\":\"search_term_string\"}}],\"inLanguage\":\"en-US\"},{\"@type\":\"Organization\",\"@id\":\"https:\/\/radiotaisso.com.br\/play\/#organization\",\"name\":\"FERTBRA\",\"url\":\"https:\/\/radiotaisso.com.br\/play\/\",\"logo\":{\"@type\":\"ImageObject\",\"inLanguage\":\"en-US\",\"@id\":\"https:\/\/radiotaisso.com.br\/play\/#\/schema\/logo\/image\/\",\"url\":\"https:\/\/radiotaisso.com.br\/play\/wp-content\/uploads\/2025\/01\/logo_taisso2.png\",\"contentUrl\":\"https:\/\/radiotaisso.com.br\/play\/wp-content\/uploads\/2025\/01\/logo_taisso2.png\",\"width\":483,\"height\":397,\"caption\":\"FERTBRA\"},\"image\":{\"@id\":\"https:\/\/radiotaisso.com.br\/play\/#\/schema\/logo\/image\/\"},\"sameAs\":[\"https:\/\/www.facebook.com\/RadioTaissodoBrasil\",\"https:\/\/www.instagram.com\/federacaoderadiotaissodobrasil\",\"https:\/\/www.youtube.com\/@FederacaoRadioTaissodoBrasil\"]},{\"@type\":\"Person\",\"@id\":\"https:\/\/radiotaisso.com.br\/play\/#\/schema\/person\/bc7a568875ab6d6fd6456d59ccda3e12\",\"name\":\"Direto da Reda\u00e7\u00e3o\",\"image\":{\"@type\":\"ImageObject\",\"inLanguage\":\"en-US\",\"@id\":\"https:\/\/radiotaisso.com.br\/play\/#\/schema\/person\/image\/\",\"url\":\"https:\/\/secure.gravatar.com\/avatar\/c61db01ab541ef3ceacbd00f9d7ac7bc7201d6a9ab06f49b03dc9f4b3e201303?s=96&d=mm&r=g\",\"contentUrl\":\"https:\/\/secure.gravatar.com\/avatar\/c61db01ab541ef3ceacbd00f9d7ac7bc7201d6a9ab06f49b03dc9f4b3e201303?s=96&d=mm&r=g\",\"caption\":\"Direto da Reda\u00e7\u00e3o\"},\"sameAs\":[\"http:\/\/radiotaisso.com.br\/play\"],\"url\":\"https:\/\/radiotaisso.com.br\/play\/index.php\/author\/digiacomoprodutoragmail-com\/\"}]}<\/script>\n<!-- \/ Yoast SEO plugin. -->","yoast_head_json":{"title":"40\u00ba A.G.O. da Federa\u00e7\u00e3o e Coordenadores do Departamento de Estrat\u00e9gia - Federa\u00e7\u00e3o de R\u00e1dio Taiss\u00f4 do Brasil","robots":{"index":"index","follow":"follow","max-snippet":"max-snippet:-1","max-image-preview":"max-image-preview:large","max-video-preview":"max-video-preview:-1"},"canonical":"https:\/\/radiotaisso.com.br\/play\/index.php\/2025\/01\/08\/40o-a-g-o-da-federacao-de-radio-taisso-do-brasil\/","og_locale":"en_US","og_type":"article","og_title":"40\u00ba A.G.O. da Federa\u00e7\u00e3o e Coordenadores do Departamento de Estrat\u00e9gia - Federa\u00e7\u00e3o de R\u00e1dio Taiss\u00f4 do Brasil","og_description":"25\/02\/2024 &#8211; 40\u00ba A.G.O. da Federa\u00e7\u00e3o de R\u00e1dio Taiss\u00f4 do Brasil, na sede da ACAL (Associa\u00e7\u00e3o Cultural e Assistencial da Liberdade) , quando ocorreu tamb\u00e9m a diploma\u00e7\u00e3o dos seis novos instrutores \/ 2023. Coordenadores do Departamento de Estrat\u00e9gia da Federa\u00e7\u00e3o de R\u00e1dio Taiss\u00f4 do Brasil, Ciro Jos\u00e9 Koshiyama e Fl\u00e1vio Yasuda , durante a 40\u00aa A.G.O. No dia 25\/02\/2024.","og_url":"https:\/\/radiotaisso.com.br\/play\/index.php\/2025\/01\/08\/40o-a-g-o-da-federacao-de-radio-taisso-do-brasil\/","og_site_name":"Federa\u00e7\u00e3o de R\u00e1dio Taiss\u00f4 do Brasil","article_publisher":"https:\/\/www.facebook.com\/RadioTaissodoBrasil","article_published_time":"2025-01-08T21:26:03+00:00","article_modified_time":"2025-01-08T21:31:16+00:00","og_image":[{"width":1280,"height":855,"url":"https:\/\/radiotaisso.com.br\/play\/wp-content\/uploads\/2025\/01\/429937663_708558284790929_1942146629718842737_n.jpg","type":"image\/jpeg"}],"author":"Direto da Reda\u00e7\u00e3o","twitter_card":"summary_large_image","twitter_misc":{"Written by":"Direto da Reda\u00e7\u00e3o"},"schema":{"@context":"https:\/\/schema.org","@graph":[{"@type":"Article","@id":"https:\/\/radiotaisso.com.br\/play\/index.php\/2025\/01\/08\/40o-a-g-o-da-federacao-de-radio-taisso-do-brasil\/#article","isPartOf":{"@id":"https:\/\/radiotaisso.com.br\/play\/index.php\/2025\/01\/08\/40o-a-g-o-da-federacao-de-radio-taisso-do-brasil\/"},"author":{"name":"Direto da Reda\u00e7\u00e3o","@id":"https:\/\/radiotaisso.com.br\/play\/#\/schema\/person\/bc7a568875ab6d6fd6456d59ccda3e12"},"headline":"40\u00ba A.G.O. da Federa\u00e7\u00e3o e Coordenadores do Departamento de Estrat\u00e9gia","datePublished":"2025-01-08T21:26:03+00:00","dateModified":"2025-01-08T21:31:16+00:00","mainEntityOfPage":{"@id":"https:\/\/radiotaisso.com.br\/play\/index.php\/2025\/01\/08\/40o-a-g-o-da-federacao-de-radio-taisso-do-brasil\/"},"wordCount":77,"commentCount":0,"publisher":{"@id":"https:\/\/radiotaisso.com.br\/play\/#organization"},"image":{"@id":"https:\/\/radiotaisso.com.br\/play\/index.php\/2025\/01\/08\/40o-a-g-o-da-federacao-de-radio-taisso-do-brasil\/#primaryimage"},"thumbnailUrl":"https:\/\/radiotaisso.com.br\/play\/wp-content\/uploads\/2025\/01\/429937663_708558284790929_1942146629718842737_n.jpg","keywords":["2024","40\u00ba A.G.O.","ACAL","Ciro Jos\u00e9 Koshiyama","Departamento de Estrat\u00e9gia","diploma\u00e7\u00e3o","Fl\u00e1vio Yasuda","Instrutores","V\u00eddeo"],"articleSection":["Not\u00edcias"],"inLanguage":"en-US","potentialAction":[{"@type":"CommentAction","name":"Comment","target":["https:\/\/radiotaisso.com.br\/play\/index.php\/2025\/01\/08\/40o-a-g-o-da-federacao-de-radio-taisso-do-brasil\/#respond"]}]},{"@type":"WebPage","@id":"https:\/\/radiotaisso.com.br\/play\/index.php\/2025\/01\/08\/40o-a-g-o-da-federacao-de-radio-taisso-do-brasil\/","url":"https:\/\/radiotaisso.com.br\/play\/index.php\/2025\/01\/08\/40o-a-g-o-da-federacao-de-radio-taisso-do-brasil\/","name":"40\u00ba A.G.O. da Federa\u00e7\u00e3o e Coordenadores do Departamento de Estrat\u00e9gia - Federa\u00e7\u00e3o de R\u00e1dio Taiss\u00f4 do Brasil","isPartOf":{"@id":"https:\/\/radiotaisso.com.br\/play\/#website"},"primaryImageOfPage":{"@id":"https:\/\/radiotaisso.com.br\/play\/index.php\/2025\/01\/08\/40o-a-g-o-da-federacao-de-radio-taisso-do-brasil\/#primaryimage"},"image":{"@id":"https:\/\/radiotaisso.com.br\/play\/index.php\/2025\/01\/08\/40o-a-g-o-da-federacao-de-radio-taisso-do-brasil\/#primaryimage"},"thumbnailUrl":"https:\/\/radiotaisso.com.br\/play\/wp-content\/uploads\/2025\/01\/429937663_708558284790929_1942146629718842737_n.jpg","datePublished":"2025-01-08T21:26:03+00:00","dateModified":"2025-01-08T21:31:16+00:00","breadcrumb":{"@id":"https:\/\/radiotaisso.com.br\/play\/index.php\/2025\/01\/08\/40o-a-g-o-da-federacao-de-radio-taisso-do-brasil\/#breadcrumb"},"inLanguage":"en-US","potentialAction":[{"@type":"ReadAction","target":["https:\/\/radiotaisso.com.br\/play\/index.php\/2025\/01\/08\/40o-a-g-o-da-federacao-de-radio-taisso-do-brasil\/"]}]},{"@type":"ImageObject","inLanguage":"en-US","@id":"https:\/\/radiotaisso.com.br\/play\/index.php\/2025\/01\/08\/40o-a-g-o-da-federacao-de-radio-taisso-do-brasil\/#primaryimage","url":"https:\/\/radiotaisso.com.br\/play\/wp-content\/uploads\/2025\/01\/429937663_708558284790929_1942146629718842737_n.jpg","contentUrl":"https:\/\/radiotaisso.com.br\/play\/wp-content\/uploads\/2025\/01\/429937663_708558284790929_1942146629718842737_n.jpg","width":1280,"height":855},{"@type":"BreadcrumbList","@id":"https:\/\/radiotaisso.com.br\/play\/index.php\/2025\/01\/08\/40o-a-g-o-da-federacao-de-radio-taisso-do-brasil\/#breadcrumb","itemListElement":[{"@type":"ListItem","position":1,"name":"In\u00edcio","item":"https:\/\/radiotaisso.com.br\/play\/"},{"@type":"ListItem","position":2,"name":"40\u00ba A.G.O. da Federa\u00e7\u00e3o e Coordenadores do Departamento de Estrat\u00e9gia"}]},{"@type":"WebSite","@id":"https:\/\/radiotaisso.com.br\/play\/#website","url":"https:\/\/radiotaisso.com.br\/play\/","name":"Federa\u00e7\u00e3o de R\u00e1dio Taiss\u00f4 do Brasil","description":"Federa\u00e7\u00e3o de R\u00e1dio Taiss\u00f4 do Brasil ","publisher":{"@id":"https:\/\/radiotaisso.com.br\/play\/#organization"},"potentialAction":[{"@type":"SearchAction","target":{"@type":"EntryPoint","urlTemplate":"https:\/\/radiotaisso.com.br\/play\/?s={search_term_string}"},"query-input":{"@type":"PropertyValueSpecification","valueRequired":true,"valueName":"search_term_string"}}],"inLanguage":"en-US"},{"@type":"Organization","@id":"https:\/\/radiotaisso.com.br\/play\/#organization","name":"FERTBRA","url":"https:\/\/radiotaisso.com.br\/play\/","logo":{"@type":"ImageObject","inLanguage":"en-US","@id":"https:\/\/radiotaisso.com.br\/play\/#\/schema\/logo\/image\/","url":"https:\/\/radiotaisso.com.br\/play\/wp-content\/uploads\/2025\/01\/logo_taisso2.png","contentUrl":"https:\/\/radiotaisso.com.br\/play\/wp-content\/uploads\/2025\/01\/logo_taisso2.png","width":483,"height":397,"caption":"FERTBRA"},"image":{"@id":"https:\/\/radiotaisso.com.br\/play\/#\/schema\/logo\/image\/"},"sameAs":["https:\/\/www.facebook.com\/RadioTaissodoBrasil","https:\/\/www.instagram.com\/federacaoderadiotaissodobrasil","https:\/\/www.youtube.com\/@FederacaoRadioTaissodoBrasil"]},{"@type":"Person","@id":"https:\/\/radiotaisso.com.br\/play\/#\/schema\/person\/bc7a568875ab6d6fd6456d59ccda3e12","name":"Direto da Reda\u00e7\u00e3o","image":{"@type":"ImageObject","inLanguage":"en-US","@id":"https:\/\/radiotaisso.com.br\/play\/#\/schema\/person\/image\/","url":"https:\/\/secure.gravatar.com\/avatar\/c61db01ab541ef3ceacbd00f9d7ac7bc7201d6a9ab06f49b03dc9f4b3e201303?s=96&d=mm&r=g","contentUrl":"https:\/\/secure.gravatar.com\/avatar\/c61db01ab541ef3ceacbd00f9d7ac7bc7201d6a9ab06f49b03dc9f4b3e201303?s=96&d=mm&r=g","caption":"Direto da Reda\u00e7\u00e3o"},"sameAs":["http:\/\/radiotaisso.com.br\/play"],"url":"https:\/\/radiotaisso.com.br\/play\/index.php\/author\/digiacomoprodutoragmail-com\/"}]}},"_links":{"self":[{"href":"https:\/\/radiotaisso.com.br\/play\/index.php\/wp-json\/wp\/v2\/posts\/860","targetHints":{"allow":["GET"]}}],"collection":[{"href":"https:\/\/radiotaisso.com.br\/play\/index.php\/wp-json\/wp\/v2\/posts"}],"about":[{"href":"https:\/\/radiotaisso.com.br\/play\/index.php\/wp-json\/wp\/v2\/types\/post"}],"author":[{"embeddable":true,"href":"https:\/\/radiotaisso.com.br\/play\/index.php\/wp-json\/wp\/v2\/users\/1"}],"replies":[{"embeddable":true,"href":"https:\/\/radiotaisso.com.br\/play\/index.php\/wp-json\/wp\/v2\/comments?post=860"}],"version-history":[{"count":3,"href":"https:\/\/radiotaisso.com.br\/play\/index.php\/wp-json\/wp\/v2\/posts\/860\/revisions"}],"predecessor-version":[{"id":869,"href":"https:\/\/radiotaisso.com.br\/play\/index.php\/wp-json\/wp\/v2\/posts\/860\/revisions\/869"}],"wp:featuredmedia":[{"embeddable":true,"href":"https:\/\/radiotaisso.com.br\/play\/index.php\/wp-json\/wp\/v2\/media\/861"}],"wp:attachment":[{"href":"https:\/\/radiotaisso.com.br\/play\/index.php\/wp-json\/wp\/v2\/media?parent=860"}],"wp:term":[{"taxonomy":"category","embeddable":true,"href":"https:\/\/radiotaisso.com.br\/play\/index.php\/wp-json\/wp\/v2\/categories?post=860"},{"taxonomy":"post_tag","embeddable":true,"href":"https:\/\/radiotaisso.com.br\/play\/index.php\/wp-json\/wp\/v2\/tags?post=860"}],"curies":[{"name":"wp","href":"https:\/\/api.w.org\/{rel}","templated":true}]}}