{"id":960,"date":"2025-02-03T17:16:44","date_gmt":"2025-02-03T20:16:44","guid":{"rendered":"https:\/\/radiotaisso.com.br\/play\/?p=960"},"modified":"2025-02-03T17:16:47","modified_gmt":"2025-02-03T20:16:47","slug":"apresentacao-em-indaiatuba-com-transmissao-ao-vivo-para-osaka-japao","status":"publish","type":"post","link":"https:\/\/radiotaisso.com.br\/play\/index.php\/2025\/02\/03\/apresentacao-em-indaiatuba-com-transmissao-ao-vivo-para-osaka-japao\/","title":{"rendered":"Apresenta\u00e7\u00e3o em Indaiatuba com transmiss\u00e3o ao vivo para Osaka (Jap\u00e3o)"},"content":{"rendered":"\n<p>Apresenta\u00e7\u00e3o de R\u00e1dio Taiss\u00f4 a convite da Associa\u00e7\u00e3o Cultural Esportiva Nipo Brasileira de Indaiatuba, e coordenada pela professora Ueba, com execu\u00e7\u00e3o e transmiss\u00e3o ao vivo e simult\u00e2neo com pessoas de Osaka (Jap\u00e3o), no dia 02\/02\/2025.<br><br><\/p>\n\n\n\n<figure class=\"wp-block-embed is-type-video is-provider-youtube wp-block-embed-youtube wp-embed-aspect-16-9 wp-has-aspect-ratio\"><div class=\"wp-block-embed__wrapper\">\n<iframe title=\"Federa\u00e7\u00e3o de Radio Taisso do Brasil\" width=\"960\" height=\"540\" src=\"https:\/\/www.youtube.com\/embed\/UqJLxzdSh2Y?feature=oembed\" frameborder=\"0\" allow=\"accelerometer; autoplay; clipboard-write; encrypted-media; gyroscope; picture-in-picture; web-share\" referrerpolicy=\"strict-origin-when-cross-origin\" allowfullscreen><\/iframe>\n<\/div><\/figure>\n","protected":false},"excerpt":{"rendered":"<p>Apresenta\u00e7\u00e3o de R\u00e1dio Taiss\u00f4 a convite da Associa\u00e7\u00e3o Cultural Esportiva Nipo Brasileira de Indaiatuba, e coordenada pela professora Ueba, com execu\u00e7\u00e3o e transmiss\u00e3o ao vivo e simult\u00e2neo com pessoas de Osaka (Jap\u00e3o), no dia 02\/02\/2025.<\/p>\n","protected":false},"author":1,"featured_media":961,"comment_status":"open","ping_status":"open","sticky":false,"template":"","format":"standard","meta":{"footnotes":""},"categories":[1],"tags":[284,281,72,197],"class_list":["post-960","post","type-post","status-publish","format-standard","has-post-thumbnail","hentry","category-noticias","tag-284","tag-indaiatuba","tag-japao","tag-video"],"yoast_head":"<!-- This site is optimized with the Yoast SEO plugin v27.1.1 - https:\/\/yoast.com\/product\/yoast-seo-wordpress\/ -->\n<title>Apresenta\u00e7\u00e3o em Indaiatuba com transmiss\u00e3o ao vivo para Osaka (Jap\u00e3o) - Federa\u00e7\u00e3o de R\u00e1dio Taiss\u00f4 do Brasil<\/title>\n<meta name=\"robots\" content=\"index, follow, max-snippet:-1, max-image-preview:large, max-video-preview:-1\" \/>\n<link rel=\"canonical\" href=\"https:\/\/radiotaisso.com.br\/play\/index.php\/2025\/02\/03\/apresentacao-em-indaiatuba-com-transmissao-ao-vivo-para-osaka-japao\/\" \/>\n<meta property=\"og:locale\" content=\"en_US\" \/>\n<meta property=\"og:type\" content=\"article\" \/>\n<meta property=\"og:title\" content=\"Apresenta\u00e7\u00e3o em Indaiatuba com transmiss\u00e3o ao vivo para Osaka (Jap\u00e3o) - Federa\u00e7\u00e3o de R\u00e1dio Taiss\u00f4 do Brasil\" \/>\n<meta property=\"og:description\" content=\"Apresenta\u00e7\u00e3o de R\u00e1dio Taiss\u00f4 a convite da Associa\u00e7\u00e3o Cultural Esportiva Nipo Brasileira de Indaiatuba, e coordenada pela professora Ueba, com execu\u00e7\u00e3o e transmiss\u00e3o ao vivo e simult\u00e2neo com pessoas de Osaka (Jap\u00e3o), no dia 02\/02\/2025.\" \/>\n<meta property=\"og:url\" content=\"https:\/\/radiotaisso.com.br\/play\/index.php\/2025\/02\/03\/apresentacao-em-indaiatuba-com-transmissao-ao-vivo-para-osaka-japao\/\" \/>\n<meta property=\"og:site_name\" content=\"Federa\u00e7\u00e3o de R\u00e1dio Taiss\u00f4 do Brasil\" \/>\n<meta property=\"article:publisher\" content=\"https:\/\/www.facebook.com\/RadioTaissodoBrasil\" \/>\n<meta property=\"article:published_time\" content=\"2025-02-03T20:16:44+00:00\" \/>\n<meta property=\"article:modified_time\" content=\"2025-02-03T20:16:47+00:00\" \/>\n<meta property=\"og:image\" content=\"https:\/\/radiotaisso.com.br\/play\/wp-content\/uploads\/2025\/02\/cf62158d-535e-49ac-9d6d-5c6624a83c04.jpg\" \/>\n\t<meta property=\"og:image:width\" content=\"1600\" \/>\n\t<meta property=\"og:image:height\" content=\"900\" \/>\n\t<meta property=\"og:image:type\" content=\"image\/jpeg\" \/>\n<meta name=\"author\" content=\"Direto da Reda\u00e7\u00e3o\" \/>\n<meta name=\"twitter:card\" content=\"summary_large_image\" \/>\n<meta name=\"twitter:label1\" content=\"Written by\" \/>\n\t<meta name=\"twitter:data1\" content=\"Direto da Reda\u00e7\u00e3o\" \/>\n\t<meta name=\"twitter:label2\" content=\"Est. reading time\" \/>\n\t<meta name=\"twitter:data2\" content=\"1 minute\" \/>\n<script type=\"application\/ld+json\" class=\"yoast-schema-graph\">{\"@context\":\"https:\/\/schema.org\",\"@graph\":[{\"@type\":\"Article\",\"@id\":\"https:\/\/radiotaisso.com.br\/play\/index.php\/2025\/02\/03\/apresentacao-em-indaiatuba-com-transmissao-ao-vivo-para-osaka-japao\/#article\",\"isPartOf\":{\"@id\":\"https:\/\/radiotaisso.com.br\/play\/index.php\/2025\/02\/03\/apresentacao-em-indaiatuba-com-transmissao-ao-vivo-para-osaka-japao\/\"},\"author\":{\"name\":\"Direto da Reda\u00e7\u00e3o\",\"@id\":\"https:\/\/radiotaisso.com.br\/play\/#\/schema\/person\/bc7a568875ab6d6fd6456d59ccda3e12\"},\"headline\":\"Apresenta\u00e7\u00e3o em Indaiatuba com transmiss\u00e3o ao vivo para Osaka (Jap\u00e3o)\",\"datePublished\":\"2025-02-03T20:16:44+00:00\",\"dateModified\":\"2025-02-03T20:16:47+00:00\",\"mainEntityOfPage\":{\"@id\":\"https:\/\/radiotaisso.com.br\/play\/index.php\/2025\/02\/03\/apresentacao-em-indaiatuba-com-transmissao-ao-vivo-para-osaka-japao\/\"},\"wordCount\":62,\"commentCount\":0,\"publisher\":{\"@id\":\"https:\/\/radiotaisso.com.br\/play\/#organization\"},\"image\":{\"@id\":\"https:\/\/radiotaisso.com.br\/play\/index.php\/2025\/02\/03\/apresentacao-em-indaiatuba-com-transmissao-ao-vivo-para-osaka-japao\/#primaryimage\"},\"thumbnailUrl\":\"https:\/\/radiotaisso.com.br\/play\/wp-content\/uploads\/2025\/02\/cf62158d-535e-49ac-9d6d-5c6624a83c04.jpg\",\"keywords\":[\"2025\",\"Indaiatuba\",\"Jap\u00e3o\",\"V\u00eddeo\"],\"articleSection\":[\"Not\u00edcias\"],\"inLanguage\":\"en-US\",\"potentialAction\":[{\"@type\":\"CommentAction\",\"name\":\"Comment\",\"target\":[\"https:\/\/radiotaisso.com.br\/play\/index.php\/2025\/02\/03\/apresentacao-em-indaiatuba-com-transmissao-ao-vivo-para-osaka-japao\/#respond\"]}]},{\"@type\":\"WebPage\",\"@id\":\"https:\/\/radiotaisso.com.br\/play\/index.php\/2025\/02\/03\/apresentacao-em-indaiatuba-com-transmissao-ao-vivo-para-osaka-japao\/\",\"url\":\"https:\/\/radiotaisso.com.br\/play\/index.php\/2025\/02\/03\/apresentacao-em-indaiatuba-com-transmissao-ao-vivo-para-osaka-japao\/\",\"name\":\"Apresenta\u00e7\u00e3o em Indaiatuba com transmiss\u00e3o ao vivo para Osaka (Jap\u00e3o) - Federa\u00e7\u00e3o de R\u00e1dio Taiss\u00f4 do Brasil\",\"isPartOf\":{\"@id\":\"https:\/\/radiotaisso.com.br\/play\/#website\"},\"primaryImageOfPage\":{\"@id\":\"https:\/\/radiotaisso.com.br\/play\/index.php\/2025\/02\/03\/apresentacao-em-indaiatuba-com-transmissao-ao-vivo-para-osaka-japao\/#primaryimage\"},\"image\":{\"@id\":\"https:\/\/radiotaisso.com.br\/play\/index.php\/2025\/02\/03\/apresentacao-em-indaiatuba-com-transmissao-ao-vivo-para-osaka-japao\/#primaryimage\"},\"thumbnailUrl\":\"https:\/\/radiotaisso.com.br\/play\/wp-content\/uploads\/2025\/02\/cf62158d-535e-49ac-9d6d-5c6624a83c04.jpg\",\"datePublished\":\"2025-02-03T20:16:44+00:00\",\"dateModified\":\"2025-02-03T20:16:47+00:00\",\"breadcrumb\":{\"@id\":\"https:\/\/radiotaisso.com.br\/play\/index.php\/2025\/02\/03\/apresentacao-em-indaiatuba-com-transmissao-ao-vivo-para-osaka-japao\/#breadcrumb\"},\"inLanguage\":\"en-US\",\"potentialAction\":[{\"@type\":\"ReadAction\",\"target\":[\"https:\/\/radiotaisso.com.br\/play\/index.php\/2025\/02\/03\/apresentacao-em-indaiatuba-com-transmissao-ao-vivo-para-osaka-japao\/\"]}]},{\"@type\":\"ImageObject\",\"inLanguage\":\"en-US\",\"@id\":\"https:\/\/radiotaisso.com.br\/play\/index.php\/2025\/02\/03\/apresentacao-em-indaiatuba-com-transmissao-ao-vivo-para-osaka-japao\/#primaryimage\",\"url\":\"https:\/\/radiotaisso.com.br\/play\/wp-content\/uploads\/2025\/02\/cf62158d-535e-49ac-9d6d-5c6624a83c04.jpg\",\"contentUrl\":\"https:\/\/radiotaisso.com.br\/play\/wp-content\/uploads\/2025\/02\/cf62158d-535e-49ac-9d6d-5c6624a83c04.jpg\",\"width\":1600,\"height\":900},{\"@type\":\"BreadcrumbList\",\"@id\":\"https:\/\/radiotaisso.com.br\/play\/index.php\/2025\/02\/03\/apresentacao-em-indaiatuba-com-transmissao-ao-vivo-para-osaka-japao\/#breadcrumb\",\"itemListElement\":[{\"@type\":\"ListItem\",\"position\":1,\"name\":\"In\u00edcio\",\"item\":\"https:\/\/radiotaisso.com.br\/play\/\"},{\"@type\":\"ListItem\",\"position\":2,\"name\":\"Apresenta\u00e7\u00e3o em Indaiatuba com transmiss\u00e3o ao vivo para Osaka (Jap\u00e3o)\"}]},{\"@type\":\"WebSite\",\"@id\":\"https:\/\/radiotaisso.com.br\/play\/#website\",\"url\":\"https:\/\/radiotaisso.com.br\/play\/\",\"name\":\"Federa\u00e7\u00e3o de R\u00e1dio Taiss\u00f4 do Brasil\",\"description\":\"Federa\u00e7\u00e3o de R\u00e1dio Taiss\u00f4 do Brasil \",\"publisher\":{\"@id\":\"https:\/\/radiotaisso.com.br\/play\/#organization\"},\"potentialAction\":[{\"@type\":\"SearchAction\",\"target\":{\"@type\":\"EntryPoint\",\"urlTemplate\":\"https:\/\/radiotaisso.com.br\/play\/?s={search_term_string}\"},\"query-input\":{\"@type\":\"PropertyValueSpecification\",\"valueRequired\":true,\"valueName\":\"search_term_string\"}}],\"inLanguage\":\"en-US\"},{\"@type\":\"Organization\",\"@id\":\"https:\/\/radiotaisso.com.br\/play\/#organization\",\"name\":\"FERTBRA\",\"url\":\"https:\/\/radiotaisso.com.br\/play\/\",\"logo\":{\"@type\":\"ImageObject\",\"inLanguage\":\"en-US\",\"@id\":\"https:\/\/radiotaisso.com.br\/play\/#\/schema\/logo\/image\/\",\"url\":\"https:\/\/radiotaisso.com.br\/play\/wp-content\/uploads\/2025\/01\/logo_taisso2.png\",\"contentUrl\":\"https:\/\/radiotaisso.com.br\/play\/wp-content\/uploads\/2025\/01\/logo_taisso2.png\",\"width\":483,\"height\":397,\"caption\":\"FERTBRA\"},\"image\":{\"@id\":\"https:\/\/radiotaisso.com.br\/play\/#\/schema\/logo\/image\/\"},\"sameAs\":[\"https:\/\/www.facebook.com\/RadioTaissodoBrasil\",\"https:\/\/www.instagram.com\/federacaoderadiotaissodobrasil\",\"https:\/\/www.youtube.com\/@FederacaoRadioTaissodoBrasil\"]},{\"@type\":\"Person\",\"@id\":\"https:\/\/radiotaisso.com.br\/play\/#\/schema\/person\/bc7a568875ab6d6fd6456d59ccda3e12\",\"name\":\"Direto da Reda\u00e7\u00e3o\",\"image\":{\"@type\":\"ImageObject\",\"inLanguage\":\"en-US\",\"@id\":\"https:\/\/radiotaisso.com.br\/play\/#\/schema\/person\/image\/\",\"url\":\"https:\/\/secure.gravatar.com\/avatar\/c61db01ab541ef3ceacbd00f9d7ac7bc7201d6a9ab06f49b03dc9f4b3e201303?s=96&d=mm&r=g\",\"contentUrl\":\"https:\/\/secure.gravatar.com\/avatar\/c61db01ab541ef3ceacbd00f9d7ac7bc7201d6a9ab06f49b03dc9f4b3e201303?s=96&d=mm&r=g\",\"caption\":\"Direto da Reda\u00e7\u00e3o\"},\"sameAs\":[\"http:\/\/radiotaisso.com.br\/play\"],\"url\":\"https:\/\/radiotaisso.com.br\/play\/index.php\/author\/digiacomoprodutoragmail-com\/\"}]}<\/script>\n<!-- \/ Yoast SEO plugin. -->","yoast_head_json":{"title":"Apresenta\u00e7\u00e3o em Indaiatuba com transmiss\u00e3o ao vivo para Osaka (Jap\u00e3o) - Federa\u00e7\u00e3o de R\u00e1dio Taiss\u00f4 do Brasil","robots":{"index":"index","follow":"follow","max-snippet":"max-snippet:-1","max-image-preview":"max-image-preview:large","max-video-preview":"max-video-preview:-1"},"canonical":"https:\/\/radiotaisso.com.br\/play\/index.php\/2025\/02\/03\/apresentacao-em-indaiatuba-com-transmissao-ao-vivo-para-osaka-japao\/","og_locale":"en_US","og_type":"article","og_title":"Apresenta\u00e7\u00e3o em Indaiatuba com transmiss\u00e3o ao vivo para Osaka (Jap\u00e3o) - Federa\u00e7\u00e3o de R\u00e1dio Taiss\u00f4 do Brasil","og_description":"Apresenta\u00e7\u00e3o de R\u00e1dio Taiss\u00f4 a convite da Associa\u00e7\u00e3o Cultural Esportiva Nipo Brasileira de Indaiatuba, e coordenada pela professora Ueba, com execu\u00e7\u00e3o e transmiss\u00e3o ao vivo e simult\u00e2neo com pessoas de Osaka (Jap\u00e3o), no dia 02\/02\/2025.","og_url":"https:\/\/radiotaisso.com.br\/play\/index.php\/2025\/02\/03\/apresentacao-em-indaiatuba-com-transmissao-ao-vivo-para-osaka-japao\/","og_site_name":"Federa\u00e7\u00e3o de R\u00e1dio Taiss\u00f4 do Brasil","article_publisher":"https:\/\/www.facebook.com\/RadioTaissodoBrasil","article_published_time":"2025-02-03T20:16:44+00:00","article_modified_time":"2025-02-03T20:16:47+00:00","og_image":[{"width":1600,"height":900,"url":"https:\/\/radiotaisso.com.br\/play\/wp-content\/uploads\/2025\/02\/cf62158d-535e-49ac-9d6d-5c6624a83c04.jpg","type":"image\/jpeg"}],"author":"Direto da Reda\u00e7\u00e3o","twitter_card":"summary_large_image","twitter_misc":{"Written by":"Direto da Reda\u00e7\u00e3o","Est. reading time":"1 minute"},"schema":{"@context":"https:\/\/schema.org","@graph":[{"@type":"Article","@id":"https:\/\/radiotaisso.com.br\/play\/index.php\/2025\/02\/03\/apresentacao-em-indaiatuba-com-transmissao-ao-vivo-para-osaka-japao\/#article","isPartOf":{"@id":"https:\/\/radiotaisso.com.br\/play\/index.php\/2025\/02\/03\/apresentacao-em-indaiatuba-com-transmissao-ao-vivo-para-osaka-japao\/"},"author":{"name":"Direto da Reda\u00e7\u00e3o","@id":"https:\/\/radiotaisso.com.br\/play\/#\/schema\/person\/bc7a568875ab6d6fd6456d59ccda3e12"},"headline":"Apresenta\u00e7\u00e3o em Indaiatuba com transmiss\u00e3o ao vivo para Osaka (Jap\u00e3o)","datePublished":"2025-02-03T20:16:44+00:00","dateModified":"2025-02-03T20:16:47+00:00","mainEntityOfPage":{"@id":"https:\/\/radiotaisso.com.br\/play\/index.php\/2025\/02\/03\/apresentacao-em-indaiatuba-com-transmissao-ao-vivo-para-osaka-japao\/"},"wordCount":62,"commentCount":0,"publisher":{"@id":"https:\/\/radiotaisso.com.br\/play\/#organization"},"image":{"@id":"https:\/\/radiotaisso.com.br\/play\/index.php\/2025\/02\/03\/apresentacao-em-indaiatuba-com-transmissao-ao-vivo-para-osaka-japao\/#primaryimage"},"thumbnailUrl":"https:\/\/radiotaisso.com.br\/play\/wp-content\/uploads\/2025\/02\/cf62158d-535e-49ac-9d6d-5c6624a83c04.jpg","keywords":["2025","Indaiatuba","Jap\u00e3o","V\u00eddeo"],"articleSection":["Not\u00edcias"],"inLanguage":"en-US","potentialAction":[{"@type":"CommentAction","name":"Comment","target":["https:\/\/radiotaisso.com.br\/play\/index.php\/2025\/02\/03\/apresentacao-em-indaiatuba-com-transmissao-ao-vivo-para-osaka-japao\/#respond"]}]},{"@type":"WebPage","@id":"https:\/\/radiotaisso.com.br\/play\/index.php\/2025\/02\/03\/apresentacao-em-indaiatuba-com-transmissao-ao-vivo-para-osaka-japao\/","url":"https:\/\/radiotaisso.com.br\/play\/index.php\/2025\/02\/03\/apresentacao-em-indaiatuba-com-transmissao-ao-vivo-para-osaka-japao\/","name":"Apresenta\u00e7\u00e3o em Indaiatuba com transmiss\u00e3o ao vivo para Osaka (Jap\u00e3o) - Federa\u00e7\u00e3o de R\u00e1dio Taiss\u00f4 do Brasil","isPartOf":{"@id":"https:\/\/radiotaisso.com.br\/play\/#website"},"primaryImageOfPage":{"@id":"https:\/\/radiotaisso.com.br\/play\/index.php\/2025\/02\/03\/apresentacao-em-indaiatuba-com-transmissao-ao-vivo-para-osaka-japao\/#primaryimage"},"image":{"@id":"https:\/\/radiotaisso.com.br\/play\/index.php\/2025\/02\/03\/apresentacao-em-indaiatuba-com-transmissao-ao-vivo-para-osaka-japao\/#primaryimage"},"thumbnailUrl":"https:\/\/radiotaisso.com.br\/play\/wp-content\/uploads\/2025\/02\/cf62158d-535e-49ac-9d6d-5c6624a83c04.jpg","datePublished":"2025-02-03T20:16:44+00:00","dateModified":"2025-02-03T20:16:47+00:00","breadcrumb":{"@id":"https:\/\/radiotaisso.com.br\/play\/index.php\/2025\/02\/03\/apresentacao-em-indaiatuba-com-transmissao-ao-vivo-para-osaka-japao\/#breadcrumb"},"inLanguage":"en-US","potentialAction":[{"@type":"ReadAction","target":["https:\/\/radiotaisso.com.br\/play\/index.php\/2025\/02\/03\/apresentacao-em-indaiatuba-com-transmissao-ao-vivo-para-osaka-japao\/"]}]},{"@type":"ImageObject","inLanguage":"en-US","@id":"https:\/\/radiotaisso.com.br\/play\/index.php\/2025\/02\/03\/apresentacao-em-indaiatuba-com-transmissao-ao-vivo-para-osaka-japao\/#primaryimage","url":"https:\/\/radiotaisso.com.br\/play\/wp-content\/uploads\/2025\/02\/cf62158d-535e-49ac-9d6d-5c6624a83c04.jpg","contentUrl":"https:\/\/radiotaisso.com.br\/play\/wp-content\/uploads\/2025\/02\/cf62158d-535e-49ac-9d6d-5c6624a83c04.jpg","width":1600,"height":900},{"@type":"BreadcrumbList","@id":"https:\/\/radiotaisso.com.br\/play\/index.php\/2025\/02\/03\/apresentacao-em-indaiatuba-com-transmissao-ao-vivo-para-osaka-japao\/#breadcrumb","itemListElement":[{"@type":"ListItem","position":1,"name":"In\u00edcio","item":"https:\/\/radiotaisso.com.br\/play\/"},{"@type":"ListItem","position":2,"name":"Apresenta\u00e7\u00e3o em Indaiatuba com transmiss\u00e3o ao vivo para Osaka (Jap\u00e3o)"}]},{"@type":"WebSite","@id":"https:\/\/radiotaisso.com.br\/play\/#website","url":"https:\/\/radiotaisso.com.br\/play\/","name":"Federa\u00e7\u00e3o de R\u00e1dio Taiss\u00f4 do Brasil","description":"Federa\u00e7\u00e3o de R\u00e1dio Taiss\u00f4 do Brasil ","publisher":{"@id":"https:\/\/radiotaisso.com.br\/play\/#organization"},"potentialAction":[{"@type":"SearchAction","target":{"@type":"EntryPoint","urlTemplate":"https:\/\/radiotaisso.com.br\/play\/?s={search_term_string}"},"query-input":{"@type":"PropertyValueSpecification","valueRequired":true,"valueName":"search_term_string"}}],"inLanguage":"en-US"},{"@type":"Organization","@id":"https:\/\/radiotaisso.com.br\/play\/#organization","name":"FERTBRA","url":"https:\/\/radiotaisso.com.br\/play\/","logo":{"@type":"ImageObject","inLanguage":"en-US","@id":"https:\/\/radiotaisso.com.br\/play\/#\/schema\/logo\/image\/","url":"https:\/\/radiotaisso.com.br\/play\/wp-content\/uploads\/2025\/01\/logo_taisso2.png","contentUrl":"https:\/\/radiotaisso.com.br\/play\/wp-content\/uploads\/2025\/01\/logo_taisso2.png","width":483,"height":397,"caption":"FERTBRA"},"image":{"@id":"https:\/\/radiotaisso.com.br\/play\/#\/schema\/logo\/image\/"},"sameAs":["https:\/\/www.facebook.com\/RadioTaissodoBrasil","https:\/\/www.instagram.com\/federacaoderadiotaissodobrasil","https:\/\/www.youtube.com\/@FederacaoRadioTaissodoBrasil"]},{"@type":"Person","@id":"https:\/\/radiotaisso.com.br\/play\/#\/schema\/person\/bc7a568875ab6d6fd6456d59ccda3e12","name":"Direto da Reda\u00e7\u00e3o","image":{"@type":"ImageObject","inLanguage":"en-US","@id":"https:\/\/radiotaisso.com.br\/play\/#\/schema\/person\/image\/","url":"https:\/\/secure.gravatar.com\/avatar\/c61db01ab541ef3ceacbd00f9d7ac7bc7201d6a9ab06f49b03dc9f4b3e201303?s=96&d=mm&r=g","contentUrl":"https:\/\/secure.gravatar.com\/avatar\/c61db01ab541ef3ceacbd00f9d7ac7bc7201d6a9ab06f49b03dc9f4b3e201303?s=96&d=mm&r=g","caption":"Direto da Reda\u00e7\u00e3o"},"sameAs":["http:\/\/radiotaisso.com.br\/play"],"url":"https:\/\/radiotaisso.com.br\/play\/index.php\/author\/digiacomoprodutoragmail-com\/"}]}},"_links":{"self":[{"href":"https:\/\/radiotaisso.com.br\/play\/index.php\/wp-json\/wp\/v2\/posts\/960","targetHints":{"allow":["GET"]}}],"collection":[{"href":"https:\/\/radiotaisso.com.br\/play\/index.php\/wp-json\/wp\/v2\/posts"}],"about":[{"href":"https:\/\/radiotaisso.com.br\/play\/index.php\/wp-json\/wp\/v2\/types\/post"}],"author":[{"embeddable":true,"href":"https:\/\/radiotaisso.com.br\/play\/index.php\/wp-json\/wp\/v2\/users\/1"}],"replies":[{"embeddable":true,"href":"https:\/\/radiotaisso.com.br\/play\/index.php\/wp-json\/wp\/v2\/comments?post=960"}],"version-history":[{"count":1,"href":"https:\/\/radiotaisso.com.br\/play\/index.php\/wp-json\/wp\/v2\/posts\/960\/revisions"}],"predecessor-version":[{"id":962,"href":"https:\/\/radiotaisso.com.br\/play\/index.php\/wp-json\/wp\/v2\/posts\/960\/revisions\/962"}],"wp:featuredmedia":[{"embeddable":true,"href":"https:\/\/radiotaisso.com.br\/play\/index.php\/wp-json\/wp\/v2\/media\/961"}],"wp:attachment":[{"href":"https:\/\/radiotaisso.com.br\/play\/index.php\/wp-json\/wp\/v2\/media?parent=960"}],"wp:term":[{"taxonomy":"category","embeddable":true,"href":"https:\/\/radiotaisso.com.br\/play\/index.php\/wp-json\/wp\/v2\/categories?post=960"},{"taxonomy":"post_tag","embeddable":true,"href":"https:\/\/radiotaisso.com.br\/play\/index.php\/wp-json\/wp\/v2\/tags?post=960"}],"curies":[{"name":"wp","href":"https:\/\/api.w.org\/{rel}","templated":true}]}}