{"id":964,"date":"2025-03-18T19:40:56","date_gmt":"2025-03-18T22:40:56","guid":{"rendered":"https:\/\/radiotaisso.com.br\/play\/?p=964"},"modified":"2025-03-18T19:47:57","modified_gmt":"2025-03-18T22:47:57","slug":"41a-assembleia-geral-ordinaria","status":"publish","type":"post","link":"https:\/\/radiotaisso.com.br\/play\/index.php\/2025\/03\/18\/41a-assembleia-geral-ordinaria\/","title":{"rendered":"41\u00aa Assembl\u00e9ia Geral Ordin\u00e1ria"},"content":{"rendered":"\n<p>No dia 16 de mar\u00e7o de 2025, foi realizada na Sede da Associa\u00e7\u00e3o Shizuoka Kenjin kai do Brasil, em S\u00e3o Paulo, a 41\u00aa Assembl\u00e9ia Geral Ordin\u00e1ria da Federa\u00e7\u00e3o de R\u00e1dio Taiss\u00f4 do Brasil.<br><br><\/p>\n\n\n\n<figure class=\"wp-block-video\"><video height=\"478\" style=\"aspect-ratio: 848 \/ 478;\" width=\"848\" autoplay controls src=\"http:\/\/radiotaisso.com.br\/play\/wp-content\/uploads\/2025\/03\/WhatsApp-Video-2025-03-16-at-17.03.17-1.mp4\"><\/video><\/figure>\n\n\n\n<p><br>Neste evento, com a presen\u00e7a das Associa\u00e7\u00f5es de R\u00e1dio Taiss\u00f4 do Brasil, foi apresentado o balan\u00e7o financeiro do exerc\u00edcio do ano fiscal 2024 e o parecer do conselho fiscal, a proposta or\u00e7ament\u00e1ria e previs\u00e3o de atividades para 2025, e a apresenta\u00e7\u00e3o dos membros da diretoria, do conselho fiscal e suplentes para o bi\u00eanio 2025 e 2026, todas estas atividades aprovadas pelos participantes.<br><br><\/p>\n\n\n\n<figure class=\"wp-block-video\"><video height=\"478\" style=\"aspect-ratio: 848 \/ 478;\" width=\"848\" autoplay controls src=\"http:\/\/radiotaisso.com.br\/play\/wp-content\/uploads\/2025\/03\/WhatsApp-Video-2025-03-16-at-17.03.17.mp4\"><\/video><\/figure>\n\n\n\n<p><br>Para a Diretoria Administrativa &#8211; Bi\u00eanio 2025\/2026, temos a seguinte composi\u00e7\u00e3o:<\/p>\n\n\n\n<p><strong>Presidente<\/strong> &#8211; Yoshio Yamamoto<\/p>\n\n\n\n<p><strong>Vices presidentes<\/strong><br>1\u00ba Vice &#8211; Jorge Kinoshita<br>2\u00ba Vice &#8211; Nobukazu Kanomata<br>3\u00ba Vice &#8211; Sonia Labiba Aref Salamah Abdul Nour<br>4\u00ba Vice &#8211; Mariko Egashira Okada<br>5\u00ba Vice &#8211; Laura Anzai<br>6\u00ba Vice &#8211; Roberto Hiderraru Itai<\/p>\n\n\n\n<p><strong>Secretaria<\/strong><br>Secretaria Geral &#8211; Kazue Matsumoto<br>1\u00ba Vice &#8211; Jorge Kinoshita<br>2\u00ba Vice &#8211; Mariko Egashira Okada<\/p>\n\n\n\n<p><strong>Tesouraria<\/strong><br>Tesouraria Geral &#8211; Clovis Mituhiko Kusano<br>1\u00ba Vice &#8211; Minoru Takano<br>2\u00ba Vice &#8211; Elza Taniguchi<\/p>\n\n\n\n<p><strong>Diretoria T\u00e9cnica<\/strong><br>Diretora &#8211; Laura Anzai<br>1\u00ba Vice &#8211; Tsutae Miyake<br>2\u00ba Vice &#8211; Luiza Yoshie Yano Kawaguchi<\/p>\n\n\n\n<p><strong>Conselho Fiscal<\/strong><br>Titular &#8211; Etsuko Sakamoto<br>1\u00ba Vice &#8211; Edith Camargo de Almeida<br>2\u00ba Vice &#8211; Roseney Kazuko Sato Kanashiro<\/p>\n\n\n\n<p><strong>Suplentes<\/strong><br>1\u00ba &#8211; Elisa Junko Ura Kusano<br>2\u00ba &#8211; Lucia Mariko Mizoguti<br>3\u00ba &#8211; Mary Yamada<\/p>\n\n\n\n<p>Conselho Deliberativo: Sachiko Ono, Kyoko Yamada, Kunio Kazama, Noriyoshi Fukuya, Takaki Kawamoto, Noriyuki Kaji.<br><br><\/p>\n\n\n\n<figure class=\"wp-block-video\"><video height=\"478\" style=\"aspect-ratio: 848 \/ 478;\" width=\"848\" autoplay controls src=\"http:\/\/radiotaisso.com.br\/play\/wp-content\/uploads\/2025\/03\/WhatsApp-Video-2025-03-16-at-17.03.18.mp4\"><\/video><\/figure>\n\n\n\n<p><br><\/p>\n","protected":false},"excerpt":{"rendered":"<p>No dia 16 de mar\u00e7o de 2025, foi realizada na Sede da Associa\u00e7\u00e3o Shizuoka Kenjin kai do Brasil, em S\u00e3o Paulo, a 41\u00aa Assembl\u00e9ia Geral Ordin\u00e1ria da Federa\u00e7\u00e3o de R\u00e1dio Taiss\u00f4 do Brasil. Neste evento, com a presen\u00e7a das Associa\u00e7\u00f5es de R\u00e1dio Taiss\u00f4 do Brasil, foi apresentado o balan\u00e7o financeiro do exerc\u00edcio do ano fiscal 2024 e o parecer do conselho fiscal, a proposta or\u00e7ament\u00e1ria e previs\u00e3o de atividades para 2025, e a apresenta\u00e7\u00e3o dos membros da diretoria, do conselho fiscal e suplentes para o bi\u00eanio 2025 e 2026, todas estas atividades aprovadas pelos participantes. Para a Diretoria Administrativa &#8211; Bi\u00eanio 2025\/2026, temos a seguinte composi\u00e7\u00e3o: Presidente &#8211; Yoshio Yamamoto Vices presidentes1\u00ba Vice &#8211; Jorge Kinoshita2\u00ba Vice &#8211; Nobukazu Kanomata3\u00ba Vice &#8211; Sonia Labiba Aref Salamah Abdul Nour4\u00ba Vice &#8211; Mariko Egashira Okada5\u00ba Vice &#8211; Laura Anzai6\u00ba Vice &#8211; Roberto Hiderraru Itai SecretariaSecretaria Geral &#8211; Kazue Matsumoto1\u00ba Vice &#8211; Jorge Kinoshita2\u00ba Vice &#8211; Mariko Egashira Okada TesourariaTesouraria Geral &#8211; Clovis Mituhiko Kusano1\u00ba Vice &#8211; Minoru Takano2\u00ba Vice &#8211; Elza Taniguchi Diretoria T\u00e9cnicaDiretora &#8211; Laura Anzai1\u00ba Vice &#8211; Tsutae Miyake2\u00ba Vice &#8211; Luiza Yoshie Yano Kawaguchi Conselho FiscalTitular &#8211; Etsuko Sakamoto1\u00ba Vice &#8211; Edith Camargo de Almeida2\u00ba Vice &#8211; Roseney Kazuko Sato Kanashiro Suplentes1\u00ba &#8211; Elisa Junko Ura Kusano2\u00ba &#8211; Lucia Mariko Mizoguti3\u00ba &#8211; Mary Yamada Conselho Deliberativo: Sachiko Ono, Kyoko Yamada, Kunio Kazama, Noriyoshi Fukuya, Takaki Kawamoto, Noriyuki Kaji.<\/p>\n","protected":false},"author":1,"featured_media":965,"comment_status":"open","ping_status":"open","sticky":false,"template":"","format":"standard","meta":{"footnotes":""},"categories":[1],"tags":[284,295,287,293,292,288,286,290,294,291,289,197],"class_list":["post-964","post","type-post","status-publish","format-standard","has-post-thumbnail","hentry","category-noticias","tag-284","tag-295","tag-41a-assembleia-geral-ordinaria","tag-conselho-fiscal","tag-diretoria-tecnica","tag-presidente","tag-previsao-de-atividades","tag-secretaria","tag-suplentes","tag-tesouraria","tag-vices","tag-video"],"yoast_head":"<!-- This site is optimized with the Yoast SEO plugin v27.1.1 - https:\/\/yoast.com\/product\/yoast-seo-wordpress\/ -->\n<title>41\u00aa Assembl\u00e9ia Geral Ordin\u00e1ria - Federa\u00e7\u00e3o de R\u00e1dio Taiss\u00f4 do Brasil<\/title>\n<meta name=\"robots\" content=\"index, follow, max-snippet:-1, max-image-preview:large, max-video-preview:-1\" \/>\n<link rel=\"canonical\" href=\"https:\/\/radiotaisso.com.br\/play\/index.php\/2025\/03\/18\/41a-assembleia-geral-ordinaria\/\" \/>\n<meta property=\"og:locale\" content=\"en_US\" \/>\n<meta property=\"og:type\" content=\"article\" \/>\n<meta property=\"og:title\" content=\"41\u00aa Assembl\u00e9ia Geral Ordin\u00e1ria - Federa\u00e7\u00e3o de R\u00e1dio Taiss\u00f4 do Brasil\" \/>\n<meta property=\"og:description\" content=\"No dia 16 de mar\u00e7o de 2025, foi realizada na Sede da Associa\u00e7\u00e3o Shizuoka Kenjin kai do Brasil, em S\u00e3o Paulo, a 41\u00aa Assembl\u00e9ia Geral Ordin\u00e1ria da Federa\u00e7\u00e3o de R\u00e1dio Taiss\u00f4 do Brasil. Neste evento, com a presen\u00e7a das Associa\u00e7\u00f5es de R\u00e1dio Taiss\u00f4 do Brasil, foi apresentado o balan\u00e7o financeiro do exerc\u00edcio do ano fiscal 2024 e o parecer do conselho fiscal, a proposta or\u00e7ament\u00e1ria e previs\u00e3o de atividades para 2025, e a apresenta\u00e7\u00e3o dos membros da diretoria, do conselho fiscal e suplentes para o bi\u00eanio 2025 e 2026, todas estas atividades aprovadas pelos participantes. Para a Diretoria Administrativa &#8211; Bi\u00eanio 2025\/2026, temos a seguinte composi\u00e7\u00e3o: Presidente &#8211; Yoshio Yamamoto Vices presidentes1\u00ba Vice &#8211; Jorge Kinoshita2\u00ba Vice &#8211; Nobukazu Kanomata3\u00ba Vice &#8211; Sonia Labiba Aref Salamah Abdul Nour4\u00ba Vice &#8211; Mariko Egashira Okada5\u00ba Vice &#8211; Laura Anzai6\u00ba Vice &#8211; Roberto Hiderraru Itai SecretariaSecretaria Geral &#8211; Kazue Matsumoto1\u00ba Vice &#8211; Jorge Kinoshita2\u00ba Vice &#8211; Mariko Egashira Okada TesourariaTesouraria Geral &#8211; Clovis Mituhiko Kusano1\u00ba Vice &#8211; Minoru Takano2\u00ba Vice &#8211; Elza Taniguchi Diretoria T\u00e9cnicaDiretora &#8211; Laura Anzai1\u00ba Vice &#8211; Tsutae Miyake2\u00ba Vice &#8211; Luiza Yoshie Yano Kawaguchi Conselho FiscalTitular &#8211; Etsuko Sakamoto1\u00ba Vice &#8211; Edith Camargo de Almeida2\u00ba Vice &#8211; Roseney Kazuko Sato Kanashiro Suplentes1\u00ba &#8211; Elisa Junko Ura Kusano2\u00ba &#8211; Lucia Mariko Mizoguti3\u00ba &#8211; Mary Yamada Conselho Deliberativo: Sachiko Ono, Kyoko Yamada, Kunio Kazama, Noriyoshi Fukuya, Takaki Kawamoto, Noriyuki Kaji.\" \/>\n<meta property=\"og:url\" content=\"https:\/\/radiotaisso.com.br\/play\/index.php\/2025\/03\/18\/41a-assembleia-geral-ordinaria\/\" \/>\n<meta property=\"og:site_name\" content=\"Federa\u00e7\u00e3o de R\u00e1dio Taiss\u00f4 do Brasil\" \/>\n<meta property=\"article:publisher\" content=\"https:\/\/www.facebook.com\/RadioTaissodoBrasil\" \/>\n<meta property=\"article:published_time\" content=\"2025-03-18T22:40:56+00:00\" \/>\n<meta property=\"article:modified_time\" content=\"2025-03-18T22:47:57+00:00\" \/>\n<meta property=\"og:image\" content=\"https:\/\/radiotaisso.com.br\/play\/wp-content\/uploads\/2025\/03\/218.jpg\" \/>\n\t<meta property=\"og:image:width\" content=\"846\" \/>\n\t<meta property=\"og:image:height\" content=\"476\" \/>\n\t<meta property=\"og:image:type\" content=\"image\/jpeg\" \/>\n<meta name=\"author\" content=\"Direto da Reda\u00e7\u00e3o\" \/>\n<meta name=\"twitter:card\" content=\"summary_large_image\" \/>\n<meta name=\"twitter:label1\" content=\"Written by\" \/>\n\t<meta name=\"twitter:data1\" content=\"Direto da Reda\u00e7\u00e3o\" \/>\n\t<meta name=\"twitter:label2\" content=\"Est. reading time\" \/>\n\t<meta name=\"twitter:data2\" content=\"2 minutes\" \/>\n<script type=\"application\/ld+json\" class=\"yoast-schema-graph\">{\"@context\":\"https:\/\/schema.org\",\"@graph\":[{\"@type\":\"Article\",\"@id\":\"https:\/\/radiotaisso.com.br\/play\/index.php\/2025\/03\/18\/41a-assembleia-geral-ordinaria\/#article\",\"isPartOf\":{\"@id\":\"https:\/\/radiotaisso.com.br\/play\/index.php\/2025\/03\/18\/41a-assembleia-geral-ordinaria\/\"},\"author\":{\"name\":\"Direto da Reda\u00e7\u00e3o\",\"@id\":\"https:\/\/radiotaisso.com.br\/play\/#\/schema\/person\/bc7a568875ab6d6fd6456d59ccda3e12\"},\"headline\":\"41\u00aa Assembl\u00e9ia Geral Ordin\u00e1ria\",\"datePublished\":\"2025-03-18T22:40:56+00:00\",\"dateModified\":\"2025-03-18T22:47:57+00:00\",\"mainEntityOfPage\":{\"@id\":\"https:\/\/radiotaisso.com.br\/play\/index.php\/2025\/03\/18\/41a-assembleia-geral-ordinaria\/\"},\"wordCount\":250,\"commentCount\":0,\"publisher\":{\"@id\":\"https:\/\/radiotaisso.com.br\/play\/#organization\"},\"image\":{\"@id\":\"https:\/\/radiotaisso.com.br\/play\/index.php\/2025\/03\/18\/41a-assembleia-geral-ordinaria\/#primaryimage\"},\"thumbnailUrl\":\"https:\/\/radiotaisso.com.br\/play\/wp-content\/uploads\/2025\/03\/218.jpg\",\"keywords\":[\"2025\",\"2026\",\"41\u00aa Assembl\u00e9ia Geral Ordin\u00e1ria\",\"Conselho Fiscal\",\"Diretoria T\u00e9cnica\",\"Presidente\",\"previs\u00e3o de atividades\",\"Secretaria\",\"Suplentes\",\"Tesouraria\",\"Vices\",\"V\u00eddeo\"],\"articleSection\":[\"Not\u00edcias\"],\"inLanguage\":\"en-US\",\"potentialAction\":[{\"@type\":\"CommentAction\",\"name\":\"Comment\",\"target\":[\"https:\/\/radiotaisso.com.br\/play\/index.php\/2025\/03\/18\/41a-assembleia-geral-ordinaria\/#respond\"]}]},{\"@type\":\"WebPage\",\"@id\":\"https:\/\/radiotaisso.com.br\/play\/index.php\/2025\/03\/18\/41a-assembleia-geral-ordinaria\/\",\"url\":\"https:\/\/radiotaisso.com.br\/play\/index.php\/2025\/03\/18\/41a-assembleia-geral-ordinaria\/\",\"name\":\"41\u00aa Assembl\u00e9ia Geral Ordin\u00e1ria - Federa\u00e7\u00e3o de R\u00e1dio Taiss\u00f4 do Brasil\",\"isPartOf\":{\"@id\":\"https:\/\/radiotaisso.com.br\/play\/#website\"},\"primaryImageOfPage\":{\"@id\":\"https:\/\/radiotaisso.com.br\/play\/index.php\/2025\/03\/18\/41a-assembleia-geral-ordinaria\/#primaryimage\"},\"image\":{\"@id\":\"https:\/\/radiotaisso.com.br\/play\/index.php\/2025\/03\/18\/41a-assembleia-geral-ordinaria\/#primaryimage\"},\"thumbnailUrl\":\"https:\/\/radiotaisso.com.br\/play\/wp-content\/uploads\/2025\/03\/218.jpg\",\"datePublished\":\"2025-03-18T22:40:56+00:00\",\"dateModified\":\"2025-03-18T22:47:57+00:00\",\"breadcrumb\":{\"@id\":\"https:\/\/radiotaisso.com.br\/play\/index.php\/2025\/03\/18\/41a-assembleia-geral-ordinaria\/#breadcrumb\"},\"inLanguage\":\"en-US\",\"potentialAction\":[{\"@type\":\"ReadAction\",\"target\":[\"https:\/\/radiotaisso.com.br\/play\/index.php\/2025\/03\/18\/41a-assembleia-geral-ordinaria\/\"]}]},{\"@type\":\"ImageObject\",\"inLanguage\":\"en-US\",\"@id\":\"https:\/\/radiotaisso.com.br\/play\/index.php\/2025\/03\/18\/41a-assembleia-geral-ordinaria\/#primaryimage\",\"url\":\"https:\/\/radiotaisso.com.br\/play\/wp-content\/uploads\/2025\/03\/218.jpg\",\"contentUrl\":\"https:\/\/radiotaisso.com.br\/play\/wp-content\/uploads\/2025\/03\/218.jpg\",\"width\":846,\"height\":476},{\"@type\":\"BreadcrumbList\",\"@id\":\"https:\/\/radiotaisso.com.br\/play\/index.php\/2025\/03\/18\/41a-assembleia-geral-ordinaria\/#breadcrumb\",\"itemListElement\":[{\"@type\":\"ListItem\",\"position\":1,\"name\":\"In\u00edcio\",\"item\":\"https:\/\/radiotaisso.com.br\/play\/\"},{\"@type\":\"ListItem\",\"position\":2,\"name\":\"41\u00aa Assembl\u00e9ia Geral Ordin\u00e1ria\"}]},{\"@type\":\"WebSite\",\"@id\":\"https:\/\/radiotaisso.com.br\/play\/#website\",\"url\":\"https:\/\/radiotaisso.com.br\/play\/\",\"name\":\"Federa\u00e7\u00e3o de R\u00e1dio Taiss\u00f4 do Brasil\",\"description\":\"Federa\u00e7\u00e3o de R\u00e1dio Taiss\u00f4 do Brasil \",\"publisher\":{\"@id\":\"https:\/\/radiotaisso.com.br\/play\/#organization\"},\"potentialAction\":[{\"@type\":\"SearchAction\",\"target\":{\"@type\":\"EntryPoint\",\"urlTemplate\":\"https:\/\/radiotaisso.com.br\/play\/?s={search_term_string}\"},\"query-input\":{\"@type\":\"PropertyValueSpecification\",\"valueRequired\":true,\"valueName\":\"search_term_string\"}}],\"inLanguage\":\"en-US\"},{\"@type\":\"Organization\",\"@id\":\"https:\/\/radiotaisso.com.br\/play\/#organization\",\"name\":\"FERTBRA\",\"url\":\"https:\/\/radiotaisso.com.br\/play\/\",\"logo\":{\"@type\":\"ImageObject\",\"inLanguage\":\"en-US\",\"@id\":\"https:\/\/radiotaisso.com.br\/play\/#\/schema\/logo\/image\/\",\"url\":\"https:\/\/radiotaisso.com.br\/play\/wp-content\/uploads\/2025\/01\/logo_taisso2.png\",\"contentUrl\":\"https:\/\/radiotaisso.com.br\/play\/wp-content\/uploads\/2025\/01\/logo_taisso2.png\",\"width\":483,\"height\":397,\"caption\":\"FERTBRA\"},\"image\":{\"@id\":\"https:\/\/radiotaisso.com.br\/play\/#\/schema\/logo\/image\/\"},\"sameAs\":[\"https:\/\/www.facebook.com\/RadioTaissodoBrasil\",\"https:\/\/www.instagram.com\/federacaoderadiotaissodobrasil\",\"https:\/\/www.youtube.com\/@FederacaoRadioTaissodoBrasil\"]},{\"@type\":\"Person\",\"@id\":\"https:\/\/radiotaisso.com.br\/play\/#\/schema\/person\/bc7a568875ab6d6fd6456d59ccda3e12\",\"name\":\"Direto da Reda\u00e7\u00e3o\",\"image\":{\"@type\":\"ImageObject\",\"inLanguage\":\"en-US\",\"@id\":\"https:\/\/radiotaisso.com.br\/play\/#\/schema\/person\/image\/\",\"url\":\"https:\/\/secure.gravatar.com\/avatar\/c61db01ab541ef3ceacbd00f9d7ac7bc7201d6a9ab06f49b03dc9f4b3e201303?s=96&d=mm&r=g\",\"contentUrl\":\"https:\/\/secure.gravatar.com\/avatar\/c61db01ab541ef3ceacbd00f9d7ac7bc7201d6a9ab06f49b03dc9f4b3e201303?s=96&d=mm&r=g\",\"caption\":\"Direto da Reda\u00e7\u00e3o\"},\"sameAs\":[\"http:\/\/radiotaisso.com.br\/play\"],\"url\":\"https:\/\/radiotaisso.com.br\/play\/index.php\/author\/digiacomoprodutoragmail-com\/\"}]}<\/script>\n<!-- \/ Yoast SEO plugin. -->","yoast_head_json":{"title":"41\u00aa Assembl\u00e9ia Geral Ordin\u00e1ria - Federa\u00e7\u00e3o de R\u00e1dio Taiss\u00f4 do Brasil","robots":{"index":"index","follow":"follow","max-snippet":"max-snippet:-1","max-image-preview":"max-image-preview:large","max-video-preview":"max-video-preview:-1"},"canonical":"https:\/\/radiotaisso.com.br\/play\/index.php\/2025\/03\/18\/41a-assembleia-geral-ordinaria\/","og_locale":"en_US","og_type":"article","og_title":"41\u00aa Assembl\u00e9ia Geral Ordin\u00e1ria - Federa\u00e7\u00e3o de R\u00e1dio Taiss\u00f4 do Brasil","og_description":"No dia 16 de mar\u00e7o de 2025, foi realizada na Sede da Associa\u00e7\u00e3o Shizuoka Kenjin kai do Brasil, em S\u00e3o Paulo, a 41\u00aa Assembl\u00e9ia Geral Ordin\u00e1ria da Federa\u00e7\u00e3o de R\u00e1dio Taiss\u00f4 do Brasil. Neste evento, com a presen\u00e7a das Associa\u00e7\u00f5es de R\u00e1dio Taiss\u00f4 do Brasil, foi apresentado o balan\u00e7o financeiro do exerc\u00edcio do ano fiscal 2024 e o parecer do conselho fiscal, a proposta or\u00e7ament\u00e1ria e previs\u00e3o de atividades para 2025, e a apresenta\u00e7\u00e3o dos membros da diretoria, do conselho fiscal e suplentes para o bi\u00eanio 2025 e 2026, todas estas atividades aprovadas pelos participantes. Para a Diretoria Administrativa &#8211; Bi\u00eanio 2025\/2026, temos a seguinte composi\u00e7\u00e3o: Presidente &#8211; Yoshio Yamamoto Vices presidentes1\u00ba Vice &#8211; Jorge Kinoshita2\u00ba Vice &#8211; Nobukazu Kanomata3\u00ba Vice &#8211; Sonia Labiba Aref Salamah Abdul Nour4\u00ba Vice &#8211; Mariko Egashira Okada5\u00ba Vice &#8211; Laura Anzai6\u00ba Vice &#8211; Roberto Hiderraru Itai SecretariaSecretaria Geral &#8211; Kazue Matsumoto1\u00ba Vice &#8211; Jorge Kinoshita2\u00ba Vice &#8211; Mariko Egashira Okada TesourariaTesouraria Geral &#8211; Clovis Mituhiko Kusano1\u00ba Vice &#8211; Minoru Takano2\u00ba Vice &#8211; Elza Taniguchi Diretoria T\u00e9cnicaDiretora &#8211; Laura Anzai1\u00ba Vice &#8211; Tsutae Miyake2\u00ba Vice &#8211; Luiza Yoshie Yano Kawaguchi Conselho FiscalTitular &#8211; Etsuko Sakamoto1\u00ba Vice &#8211; Edith Camargo de Almeida2\u00ba Vice &#8211; Roseney Kazuko Sato Kanashiro Suplentes1\u00ba &#8211; Elisa Junko Ura Kusano2\u00ba &#8211; Lucia Mariko Mizoguti3\u00ba &#8211; Mary Yamada Conselho Deliberativo: Sachiko Ono, Kyoko Yamada, Kunio Kazama, Noriyoshi Fukuya, Takaki Kawamoto, Noriyuki Kaji.","og_url":"https:\/\/radiotaisso.com.br\/play\/index.php\/2025\/03\/18\/41a-assembleia-geral-ordinaria\/","og_site_name":"Federa\u00e7\u00e3o de R\u00e1dio Taiss\u00f4 do Brasil","article_publisher":"https:\/\/www.facebook.com\/RadioTaissodoBrasil","article_published_time":"2025-03-18T22:40:56+00:00","article_modified_time":"2025-03-18T22:47:57+00:00","og_image":[{"width":846,"height":476,"url":"https:\/\/radiotaisso.com.br\/play\/wp-content\/uploads\/2025\/03\/218.jpg","type":"image\/jpeg"}],"author":"Direto da Reda\u00e7\u00e3o","twitter_card":"summary_large_image","twitter_misc":{"Written by":"Direto da Reda\u00e7\u00e3o","Est. reading time":"2 minutes"},"schema":{"@context":"https:\/\/schema.org","@graph":[{"@type":"Article","@id":"https:\/\/radiotaisso.com.br\/play\/index.php\/2025\/03\/18\/41a-assembleia-geral-ordinaria\/#article","isPartOf":{"@id":"https:\/\/radiotaisso.com.br\/play\/index.php\/2025\/03\/18\/41a-assembleia-geral-ordinaria\/"},"author":{"name":"Direto da Reda\u00e7\u00e3o","@id":"https:\/\/radiotaisso.com.br\/play\/#\/schema\/person\/bc7a568875ab6d6fd6456d59ccda3e12"},"headline":"41\u00aa Assembl\u00e9ia Geral Ordin\u00e1ria","datePublished":"2025-03-18T22:40:56+00:00","dateModified":"2025-03-18T22:47:57+00:00","mainEntityOfPage":{"@id":"https:\/\/radiotaisso.com.br\/play\/index.php\/2025\/03\/18\/41a-assembleia-geral-ordinaria\/"},"wordCount":250,"commentCount":0,"publisher":{"@id":"https:\/\/radiotaisso.com.br\/play\/#organization"},"image":{"@id":"https:\/\/radiotaisso.com.br\/play\/index.php\/2025\/03\/18\/41a-assembleia-geral-ordinaria\/#primaryimage"},"thumbnailUrl":"https:\/\/radiotaisso.com.br\/play\/wp-content\/uploads\/2025\/03\/218.jpg","keywords":["2025","2026","41\u00aa Assembl\u00e9ia Geral Ordin\u00e1ria","Conselho Fiscal","Diretoria T\u00e9cnica","Presidente","previs\u00e3o de atividades","Secretaria","Suplentes","Tesouraria","Vices","V\u00eddeo"],"articleSection":["Not\u00edcias"],"inLanguage":"en-US","potentialAction":[{"@type":"CommentAction","name":"Comment","target":["https:\/\/radiotaisso.com.br\/play\/index.php\/2025\/03\/18\/41a-assembleia-geral-ordinaria\/#respond"]}]},{"@type":"WebPage","@id":"https:\/\/radiotaisso.com.br\/play\/index.php\/2025\/03\/18\/41a-assembleia-geral-ordinaria\/","url":"https:\/\/radiotaisso.com.br\/play\/index.php\/2025\/03\/18\/41a-assembleia-geral-ordinaria\/","name":"41\u00aa Assembl\u00e9ia Geral Ordin\u00e1ria - Federa\u00e7\u00e3o de R\u00e1dio Taiss\u00f4 do Brasil","isPartOf":{"@id":"https:\/\/radiotaisso.com.br\/play\/#website"},"primaryImageOfPage":{"@id":"https:\/\/radiotaisso.com.br\/play\/index.php\/2025\/03\/18\/41a-assembleia-geral-ordinaria\/#primaryimage"},"image":{"@id":"https:\/\/radiotaisso.com.br\/play\/index.php\/2025\/03\/18\/41a-assembleia-geral-ordinaria\/#primaryimage"},"thumbnailUrl":"https:\/\/radiotaisso.com.br\/play\/wp-content\/uploads\/2025\/03\/218.jpg","datePublished":"2025-03-18T22:40:56+00:00","dateModified":"2025-03-18T22:47:57+00:00","breadcrumb":{"@id":"https:\/\/radiotaisso.com.br\/play\/index.php\/2025\/03\/18\/41a-assembleia-geral-ordinaria\/#breadcrumb"},"inLanguage":"en-US","potentialAction":[{"@type":"ReadAction","target":["https:\/\/radiotaisso.com.br\/play\/index.php\/2025\/03\/18\/41a-assembleia-geral-ordinaria\/"]}]},{"@type":"ImageObject","inLanguage":"en-US","@id":"https:\/\/radiotaisso.com.br\/play\/index.php\/2025\/03\/18\/41a-assembleia-geral-ordinaria\/#primaryimage","url":"https:\/\/radiotaisso.com.br\/play\/wp-content\/uploads\/2025\/03\/218.jpg","contentUrl":"https:\/\/radiotaisso.com.br\/play\/wp-content\/uploads\/2025\/03\/218.jpg","width":846,"height":476},{"@type":"BreadcrumbList","@id":"https:\/\/radiotaisso.com.br\/play\/index.php\/2025\/03\/18\/41a-assembleia-geral-ordinaria\/#breadcrumb","itemListElement":[{"@type":"ListItem","position":1,"name":"In\u00edcio","item":"https:\/\/radiotaisso.com.br\/play\/"},{"@type":"ListItem","position":2,"name":"41\u00aa Assembl\u00e9ia Geral Ordin\u00e1ria"}]},{"@type":"WebSite","@id":"https:\/\/radiotaisso.com.br\/play\/#website","url":"https:\/\/radiotaisso.com.br\/play\/","name":"Federa\u00e7\u00e3o de R\u00e1dio Taiss\u00f4 do Brasil","description":"Federa\u00e7\u00e3o de R\u00e1dio Taiss\u00f4 do Brasil ","publisher":{"@id":"https:\/\/radiotaisso.com.br\/play\/#organization"},"potentialAction":[{"@type":"SearchAction","target":{"@type":"EntryPoint","urlTemplate":"https:\/\/radiotaisso.com.br\/play\/?s={search_term_string}"},"query-input":{"@type":"PropertyValueSpecification","valueRequired":true,"valueName":"search_term_string"}}],"inLanguage":"en-US"},{"@type":"Organization","@id":"https:\/\/radiotaisso.com.br\/play\/#organization","name":"FERTBRA","url":"https:\/\/radiotaisso.com.br\/play\/","logo":{"@type":"ImageObject","inLanguage":"en-US","@id":"https:\/\/radiotaisso.com.br\/play\/#\/schema\/logo\/image\/","url":"https:\/\/radiotaisso.com.br\/play\/wp-content\/uploads\/2025\/01\/logo_taisso2.png","contentUrl":"https:\/\/radiotaisso.com.br\/play\/wp-content\/uploads\/2025\/01\/logo_taisso2.png","width":483,"height":397,"caption":"FERTBRA"},"image":{"@id":"https:\/\/radiotaisso.com.br\/play\/#\/schema\/logo\/image\/"},"sameAs":["https:\/\/www.facebook.com\/RadioTaissodoBrasil","https:\/\/www.instagram.com\/federacaoderadiotaissodobrasil","https:\/\/www.youtube.com\/@FederacaoRadioTaissodoBrasil"]},{"@type":"Person","@id":"https:\/\/radiotaisso.com.br\/play\/#\/schema\/person\/bc7a568875ab6d6fd6456d59ccda3e12","name":"Direto da Reda\u00e7\u00e3o","image":{"@type":"ImageObject","inLanguage":"en-US","@id":"https:\/\/radiotaisso.com.br\/play\/#\/schema\/person\/image\/","url":"https:\/\/secure.gravatar.com\/avatar\/c61db01ab541ef3ceacbd00f9d7ac7bc7201d6a9ab06f49b03dc9f4b3e201303?s=96&d=mm&r=g","contentUrl":"https:\/\/secure.gravatar.com\/avatar\/c61db01ab541ef3ceacbd00f9d7ac7bc7201d6a9ab06f49b03dc9f4b3e201303?s=96&d=mm&r=g","caption":"Direto da Reda\u00e7\u00e3o"},"sameAs":["http:\/\/radiotaisso.com.br\/play"],"url":"https:\/\/radiotaisso.com.br\/play\/index.php\/author\/digiacomoprodutoragmail-com\/"}]}},"_links":{"self":[{"href":"https:\/\/radiotaisso.com.br\/play\/index.php\/wp-json\/wp\/v2\/posts\/964","targetHints":{"allow":["GET"]}}],"collection":[{"href":"https:\/\/radiotaisso.com.br\/play\/index.php\/wp-json\/wp\/v2\/posts"}],"about":[{"href":"https:\/\/radiotaisso.com.br\/play\/index.php\/wp-json\/wp\/v2\/types\/post"}],"author":[{"embeddable":true,"href":"https:\/\/radiotaisso.com.br\/play\/index.php\/wp-json\/wp\/v2\/users\/1"}],"replies":[{"embeddable":true,"href":"https:\/\/radiotaisso.com.br\/play\/index.php\/wp-json\/wp\/v2\/comments?post=964"}],"version-history":[{"count":4,"href":"https:\/\/radiotaisso.com.br\/play\/index.php\/wp-json\/wp\/v2\/posts\/964\/revisions"}],"predecessor-version":[{"id":974,"href":"https:\/\/radiotaisso.com.br\/play\/index.php\/wp-json\/wp\/v2\/posts\/964\/revisions\/974"}],"wp:featuredmedia":[{"embeddable":true,"href":"https:\/\/radiotaisso.com.br\/play\/index.php\/wp-json\/wp\/v2\/media\/965"}],"wp:attachment":[{"href":"https:\/\/radiotaisso.com.br\/play\/index.php\/wp-json\/wp\/v2\/media?parent=964"}],"wp:term":[{"taxonomy":"category","embeddable":true,"href":"https:\/\/radiotaisso.com.br\/play\/index.php\/wp-json\/wp\/v2\/categories?post=964"},{"taxonomy":"post_tag","embeddable":true,"href":"https:\/\/radiotaisso.com.br\/play\/index.php\/wp-json\/wp\/v2\/tags?post=964"}],"curies":[{"name":"wp","href":"https:\/\/api.w.org\/{rel}","templated":true}]}}